{"id":6404,"date":"2018-11-19T22:03:35","date_gmt":"2018-11-19T21:03:35","guid":{"rendered":"https:\/\/www.judo-vaud.ch\/?p=6404"},"modified":"2024-11-17T21:44:56","modified_gmt":"2024-11-17T20:44:56","slug":"cri-2018-res","status":"publish","type":"post","link":"https:\/\/www.judo-vaud.ch\/?p=6404","title":{"rendered":"R\u00e9sultats des CRI 2018"},"content":{"rendered":"<p><img decoding=\"async\" class=\"alignright wp-image-1643 size-thumbnail\" src=\"http:\/\/www.judo-vaud.ch\/cms\/wp-content\/plugins\/AVJJ-ShortCode\/photos\/ajjv.png\" alt=\"AC-VS\" width=\"150\" height=\"150\" \/><br \/>\nVoici les r\u00e9sultats des Championnats Romands Individuels 2018 organis\u00e9s par l\u2019Association Valaisanne de Judo .<\/p>\n<p><!--more--><\/p>\n<p>L\u2019Association Valaisanne de Judo a organis\u00e9 en collaboration avec le Judo Club St-Maurice\/VS, les Championnats Romands Individuels 2018 le\u00a0<strong>samedi 10 novembre 2018<\/strong>.<\/p>\n<p>Voici les <a href=\"https:\/\/www.judo-vaud.ch\/cms\/wp-content\/uploads\/2018\/11\/ResCRI2018.pdf\" target=\"_blank\" rel=\"noopener\">r\u00e9sultats<\/a>:<\/p>\n<p>Cat\u00e9gorie kg. -40 6 combattants<br \/>\n1 Bachman Gaetan Judo-Kwai Lausanne<br \/>\n2 Rakotondramanga Rialy JC-VSO Fribourg<br \/>\n3 Ferencz Benedek SDK Gen\u00e8ve<br \/>\n3 Mc Hugh Robert Judo Cortaillod<\/p>\n<p>Cat\u00e9gorie kg. -45 13 combattants<br \/>\n1 Hirschi L\u00e9o EJ D\u00e9gailler<br \/>\n2 Liengme Pierrick JC Morges<br \/>\n3 Barrazoni Enzo EJ D\u00e9gailler<br \/>\n3 Durand Matteo JC Montreux<\/p>\n<p>Cat\u00e9gorie kg. -50 13 combattants<br \/>\n1 Oulevey Thien JC Lausanne Mikami<br \/>\n2 Fischer Zacharie Judo Kwai Lancy<br \/>\n3 Willenegger Fabien EJ D\u00e9gailler<br \/>\n3 Rodriguez Yannis JC Cortaillod<\/p>\n<p>Cat\u00e9gorie kg. -55 15 combattants<br \/>\n1 Braccini Pablo Judo Kwai Lancy<br \/>\n2 Gallota Adrien JC Lausanne Mikami<br \/>\n3 Arakelov Armen EJ Collombey-Muraz<br \/>\n3 Charvet Hugo Dojo Lancy Pallette<\/p>\n<p>Cat\u00e9gorie kg. -60 4 combattants<br \/>\n1 Maillard Max JC Lausanne Mikami<br \/>\n2 Silva Moreira Leonardo JC Avenches<br \/>\n3 Schaulin L\u00e9o JC Carouge<br \/>\n3 Flury Simon JC Cortaillod<\/p>\n<p>Cat\u00e9gorie kg. +60 8 combattants<br \/>\n1 Blaesch Morgan EJ D\u00e9gailler<br \/>\n2 Mor\u00e9 Alexandre JC Cortaillod<br \/>\n3 Droux S\u00e9bastien JC Avenches<br \/>\n3 Battilana Sandro EJ D\u00e9gailler<\/p>\n<p>Cat\u00e9gorie kg. -40 1 combattante<br \/>\n1 De Smet Justine Budo Kan Porrentruy<\/p>\n<p>Cat\u00e9gorie kg. -44 3 combattantes<br \/>\n1 Nidiaye Binta Judo Kwai Lausanne<br \/>\n2 Ferrara Aurore EJ D\u00e9gailler<br \/>\n3 Lechenne Thailia Budo Kan Porrentruy<\/p>\n<p>Cat\u00e9gorie kg. -48 4 combattantes<br \/>\n1 Correia Lara Judo Kwai Lancy<br \/>\n2 Lain Nau Sol\u00e8ne EJ Collombey-Muraz<br \/>\n3 Stolz Margot JC Cortaillod<br \/>\n3 Potenza Flavia Judo Lancy Palette<\/p>\n<p>Cat\u00e9gorie kg. -52 2 combattantes<br \/>\n1 Schaffter Alexia Budo Kan Porrentruy<br \/>\n2 Ma\u00eetre Elodie JC Del\u00e9mont<\/p>\n<p>Cat\u00e9gorie kg. + 52 7 combattantes<br \/>\n1 Fokouo April JC Cheseaux<br \/>\n2 Castaldi Laura JC Carouge<br \/>\n3 Debons Natalia JT Sion<br \/>\n3 Silva Ramos Margarida JC Martigny<\/p>\n<p><div class=\"wp-caption \" id=\"attachment_1577\" style=\"width: 150;\"><a  class=\"nofancybox\"  href=\"http:\/\/www.judo-vaud.ch\/cms\/wp-content\/uploads\/\/2018\/11\/ResCRI2018.pdf\" target=\"_blank\"><img decoding=\"async\" width=\"150\" height=\"150\" class=\"wp-image-1577\" alt=\"Invitation\" src=\"http:\/\/www.judo-vaud.ch\/cms\/wp-content\/plugins\/AVJJ-ShortCode\/png\/pdf.png\"><\/a><p class=\"wp-caption-text\"><a href=\"http:\/\/www.judo-vaud.ch\/cms\/wp-content\/uploads\/\/2018\/11\/ResCRI2018.pdf\">R\u00e9sultats.<\/a><\/p><\/div>Total combattants inscrits<\/p>\n<ul>\n<li>Ecoliers 59<\/li>\n<li>Ecoli\u00e8res 17<\/li>\n<\/ul>\n<p>&nbsp;<\/p>\n<h3>Informations:<\/h3>\n<p>La pr\u00e9sentation g\u00e9n\u00e9rale, le r\u00e8glement et toutes les informations des pr\u00e9c\u00e9dentes \u00e9ditions se trouvent ici : <strong><a href=\"https:\/\/www.judo-vaud.ch\/CRI\">judo-vaud.ch\/CRI<\/a><\/strong><\/p>\n<p>&nbsp;<\/p>\n<h3>Renseignements:<\/h3>\n<div id=\"cn-top\" style=\"position: absolute; top: 0; right: 0;\"><\/div><div class=\"cn-list\" id=\"cn-list\" data-connections-version=\"10.4.67-0.7\"><div class=\"cn-template cn-card\" id=\"cn-card\" data-template-version=\"3.0\"><div class=\"cn-list-head\">\n\n<\/div>\n<div class=\"cn-list-body\" id=\"cn-list-body\">\n<div class=\"cn-list-row cn-list-item vcard individual comite commission-allocation-aide-jeunes-competiteurs resp-assistantentraineur resp-competitions resp-sport-etude\" id=\"francois-chavanne\" data-entry-type=\"individual\" data-entry-id=\"1\" data-entry-slug=\"francois-chavanne\"><div class=\"cn-entry\" style=\"background-color: #FFF;border: 1px solid #E3E3E3;border-radius: 4px;color: #000;margin: 8px 0;padding: 10px;position: relative\">\n\n\t<div class=\"cn-left\" style=\"width:49%; float:left\">\n\t\t<span class=\"cn-image-style\"><span style=\"display: block; max-width: 100%; width: 112px\"><a href=\"http:\/\/www.judo-vaud.ch\/?page_id=1442\" target=\"_self\" rel=\"dofollow\"><img loading=\"lazy\" width=\"112\" height=\"150\" sizes=\"auto, 100vw\" lazyload=\"1\" class=\"cn-image photo\" alt=\"Photo de Fran\u00e7ois Chavanne\" title=\"Photo de Fran\u00e7ois Chavanne\" srcset=\"\/\/www.judo-vaud.ch\/cms\/wp-content\/uploads\/connections-images\/francois-chavanne\/Franyois_original-de6bae4577fca49aa91f57bc41ed41ff.jpg 1x\" loading=\"lazy\"\/><\/a><\/span><\/span>\n\t\t<div style=\"clear:both;\"><\/div>\n\t\t<div style=\"margin-bottom: 10px;\">\n\t\t\t<div style=\"font-size:larger;font-variant: small-caps\"><strong><span class=\"fn n notranslate\"> <span class=\"given-name\">Fran\u00e7ois<\/span> <span class=\"family-name\">Chavanne<\/span><\/span>\n<\/strong><\/div>\n\t\t\t<span class=\"title notranslate\">Pr\u00e9sident<\/span>\n\n\t\t<\/div>\n\n\t<\/div>\n\n\t<div class=\"cn-right\" style=\"text-align: right;\">\n\n\t\t<span class=\"address-block\"><span class=\"adr cn-address\"> <span class=\"street-address notranslate\">Ch. du Mol\u00e9son 12<\/span> <span class=\"locality\">Penthalaz<\/span> <span class=\"postal-code\">1305<\/span> <span class=\"type\" style=\"display: none;\">home<\/span><\/span><\/span>\n<span class=\"phone-number-block\">\n<span class=\"tel cn-phone-number cn-phone-number-type-homephone\"><span class=\"phone-name\">T\u00e9l\u00e9phone maison<\/span><span class=\"cn-separator\">:<\/span> <span class=\"value\">021 881 45 62<\/span><span class=\"type\" style=\"display: none;\">home<\/span><\/span>\n<span class=\"tel cn-phone-number cn-phone-number-type-cellphone\"><span class=\"phone-name\">T\u00e9l\u00e9phone mobile<\/span><span class=\"cn-separator\">:<\/span> <span class=\"value\">079 446 01 89<\/span><span class=\"type\" style=\"display: none;\">cell<\/span><\/span>\n<\/span>\n<span class=\"email-address-block\">\n<span class=\"email cn-email-address\"><span class=\"email-name\">Courriel personnel<\/span><span class=\"cn-separator\">:<\/span> <span class=\"email-address\"><script type=\"text\/javascript\">\r\n\t\t\t\t\t\/* <![CDATA[ *\/\r\n\t \t\t\t\tcnROT13.writeROT13(\"<n pynff=\\\"inyhr\\\" gvgyr=\\\"Sena\u00e7bvf Puninaar crefbany rznvy\\056\\\" uers=\\\"znvygb:senapbvf\\056puninaar\\100oyhrjva\\056pu\\\">senapbvf\\056puninaar\\100oyhrjva\\056pu<\\057n>\");\r\n\t\t\t\t\t\/* ]]-> *\/\r\n\t \t\t\t\t<\/script><noscript><span style=\"unicode-bidi: bidi-override; direction:rtl;\">h&#99;.n&#105;&#119;&#101;&#117;&#108;&#98;&#64;enn&#97;v&#97;&#104;&#99;.&#115;io&#99;na&#114;f<\/span><\/noscript><\/span><span class=\"type\" style=\"display: none;\">INTERNET<\/span><\/span>\n<\/span>\n<span class=\"link-block\">\n<span class=\"link cn-link website cn-preferred cn-link-preferred\"><span class=\"link-name\">Site internet<\/span><span class=\"cn-separator\">:<\/span> <a class=\"url\" href=\"http:\/\/www.judo-vaud.ch\/?page_id=1442\" target=\"_self\" rel=\"noopener\" >Page Personnelle<\/a><\/span>\n<\/span>\n\n\t<\/div>\n\n\t<div style=\"clear:both\"><\/div>\n\n\t\n\t<div class=\"cn-meta\" style=\"margin-top: 6px\">\n\t\t\t<\/div>\n\n\t<div class=\"cn-clear\" style=\"display:table;width:100%;\">\n\t\t<div style=\"display:table-cell;vertical-align:middle;\">\n\t\t\t<div class=\"cn-categories\"><span class=\"cn_category_label\">Cat\u00e9gories : <\/span> <span class=\"cn-category-name cn_category cn-category-2 cn-category-comite\">Comit\u00e9<\/span><span class=\"cn-category-separator\">, <\/span><span class=\"cn-category-name cn_category cn-category-29 cn-category-commission-allocation-aide-jeunes-competiteurs\">commission allocation aide jeunes comp\u00e9titeurs<\/span><span class=\"cn-category-separator\">, <\/span><span class=\"cn-category-name cn_category cn-category-32 cn-category-resp-assistantentraineur\">Resp. Assistant entraineur<\/span><span class=\"cn-category-separator\">, <\/span><span class=\"cn-category-name cn_category cn-category-12 cn-category-resp-competitions\">Resp. comp\u00e9titions<\/span><span class=\"cn-category-separator\">, <\/span><span class=\"cn-category-name cn_category cn-category-4 cn-category-resp-sport-etude\">Resp. Sport Etude<\/span><\/div>\n\t\t<\/div>\n\t\t<div style=\"display:table-cell;text-align:right;vertical-align:middle;\">\n\t\t\t<span class=\"cn-last-updated\" style=\"display: none;font-size: 10px;font-variant: small-caps;margin-right: 10px\">Mis \u00e0 jour il y a 1 an.<\/span>\n<span class=\"cn-return-to-top\"><a href=\"#cn-top\" title=\"Retour haut de page\"><img decoding=\"async\" src=\"https:\/\/www.judo-vaud.ch\/cms\/wp-content\/plugins\/connections\/assets\/images\/uparrow.gif\" alt=\"Retour haut de page\"\/><\/a><\/span>\n\t\t<\/div>\n\t<\/div>\n\n<\/div>\n\n<\/div>\n<\/div>\n<div class=\"cn-list-foot\">\n\n<\/div>\n\n<\/div>\n\n<\/div>\n","protected":false},"excerpt":{"rendered":"<p>Voici les r\u00e9sultats des Championnats Romands Individuels 2018 organis\u00e9s par l\u2019Association Valaisanne de Judo .<\/p>\n","protected":false},"author":5,"featured_media":8233,"comment_status":"closed","ping_status":"closed","sticky":false,"template":"","format":"standard","meta":{"_cbd_carousel_blocks":"[]","footnotes":""},"categories":[54,40,15,18,42,13],"tags":[],"class_list":["post-6404","post","type-post","status-publish","format-standard","has-post-thumbnail","hentry","category-autre-association-cantonale","category-cri","category-competition","category-judo","category-rescri","category-resultats"],"_links":{"self":[{"href":"https:\/\/www.judo-vaud.ch\/index.php?rest_route=\/wp\/v2\/posts\/6404","targetHints":{"allow":["GET"]}}],"collection":[{"href":"https:\/\/www.judo-vaud.ch\/index.php?rest_route=\/wp\/v2\/posts"}],"about":[{"href":"https:\/\/www.judo-vaud.ch\/index.php?rest_route=\/wp\/v2\/types\/post"}],"author":[{"embeddable":true,"href":"https:\/\/www.judo-vaud.ch\/index.php?rest_route=\/wp\/v2\/users\/5"}],"replies":[{"embeddable":true,"href":"https:\/\/www.judo-vaud.ch\/index.php?rest_route=%2Fwp%2Fv2%2Fcomments&post=6404"}],"version-history":[{"count":5,"href":"https:\/\/www.judo-vaud.ch\/index.php?rest_route=\/wp\/v2\/posts\/6404\/revisions"}],"predecessor-version":[{"id":6411,"href":"https:\/\/www.judo-vaud.ch\/index.php?rest_route=\/wp\/v2\/posts\/6404\/revisions\/6411"}],"wp:featuredmedia":[{"embeddable":true,"href":"https:\/\/www.judo-vaud.ch\/index.php?rest_route=\/wp\/v2\/media\/8233"}],"wp:attachment":[{"href":"https:\/\/www.judo-vaud.ch\/index.php?rest_route=%2Fwp%2Fv2%2Fmedia&parent=6404"}],"wp:term":[{"taxonomy":"category","embeddable":true,"href":"https:\/\/www.judo-vaud.ch\/index.php?rest_route=%2Fwp%2Fv2%2Fcategories&post=6404"},{"taxonomy":"post_tag","embeddable":true,"href":"https:\/\/www.judo-vaud.ch\/index.php?rest_route=%2Fwp%2Fv2%2Ftags&post=6404"}],"curies":[{"name":"wp","href":"https:\/\/api.w.org\/{rel}","templated":true}]}}