{"id":4609,"date":"2016-03-20T11:08:19","date_gmt":"2016-03-20T10:08:19","guid":{"rendered":"http:\/\/www.judo-vaud.ch\/?p=4609"},"modified":"2024-11-01T09:03:56","modified_gmt":"2024-11-01T08:03:56","slug":"formation-en-suisse-romande","status":"publish","type":"post","link":"https:\/\/www.judo-vaud.ch\/?p=4609","title":{"rendered":"Formation en suisse romande"},"content":{"rendered":"<img decoding=\"async\" class=\"alignright wp-image-1643 size-thumbnail\" src=\"http:\/\/www.judo-vaud.ch\/cms\/wp-content\/plugins\/AVJJ-ShortCode\/photos\/logo_fsj-150x150.png\" alt=\"FSJ\" width=\"150\" height=\"150\" \/>\n<p>Joel Grandjean, 6\u00e8me Dan Judo, de la Division Formation de FSJ, nous communique les dates des prochains modules de F\u00e9d\u00e9ration avec reconnaissance J+S donn\u00e9s en Suisse Romande.<\/p>\n<p><!--more--><\/p>\n<h3>Module autod\u00e9fense pour Budokas<\/h3>\n<p>Romont samedi 23 avril<\/p>\n<h3>Module de F\u00e9d\u00e9ration : Progression m\u00e9thodique Ne-Waza<\/h3>\n<p>Romont Samedi 8 octobre 2016<\/p>\n<h3>Module perfectionnement sport des enfants<\/h3>\n<p>Romont Dimanche 9 octobre 2016<\/p>\n<h3>Module \u00abJudo Ju-jitsu avec handicap\u00e9s\u00bb<\/h3>\n<p>Cortaillod Samedi 15 octobre 2016<\/p>\n<h3>Module Sant\u00e9 1<\/h3>\n<p>Neuch\u00e2tel 25-26 f\u00e9vrier 2017<\/p>\n<h3>Module Principe d\u2019entra\u00eenement 1<\/h3>\n<p>Neuch\u00e2tel 22 \u2013 23 Avril 2017<\/p>\n<p>&nbsp;<\/p>\n<h3>D\u00e9tails et informations sur:<\/h3>\n<ul>\n<li>https:\/\/sjv.ch\/fr\/agenda<\/li>\n<li>https:\/\/www.apps.baspo.admin.ch<\/li>\n<\/ul>\n<p>&nbsp;<\/p>\n","protected":false},"excerpt":{"rendered":"<p>Joel Grandjean, 6\u00e8me Dan Judo, de la Division Formation de FSJ, nous communique les dates des prochains modules de F\u00e9d\u00e9ration avec reconnaissance J+S donn\u00e9s en Suisse Romande.<\/p>\n","protected":false},"author":3,"featured_media":0,"comment_status":"closed","ping_status":"closed","sticky":false,"template":"","format":"standard","meta":{"_cbd_carousel_blocks":"[]","footnotes":""},"categories":[21,19,18],"tags":[],"class_list":["post-4609","post","type-post","status-publish","format-standard","hentry","category-formation","category-ju-jitsu","category-judo"],"_links":{"self":[{"href":"https:\/\/www.judo-vaud.ch\/index.php?rest_route=\/wp\/v2\/posts\/4609","targetHints":{"allow":["GET"]}}],"collection":[{"href":"https:\/\/www.judo-vaud.ch\/index.php?rest_route=\/wp\/v2\/posts"}],"about":[{"href":"https:\/\/www.judo-vaud.ch\/index.php?rest_route=\/wp\/v2\/types\/post"}],"author":[{"embeddable":true,"href":"https:\/\/www.judo-vaud.ch\/index.php?rest_route=\/wp\/v2\/users\/3"}],"replies":[{"embeddable":true,"href":"https:\/\/www.judo-vaud.ch\/index.php?rest_route=%2Fwp%2Fv2%2Fcomments&post=4609"}],"version-history":[{"count":2,"href":"https:\/\/www.judo-vaud.ch\/index.php?rest_route=\/wp\/v2\/posts\/4609\/revisions"}],"predecessor-version":[{"id":11904,"href":"https:\/\/www.judo-vaud.ch\/index.php?rest_route=\/wp\/v2\/posts\/4609\/revisions\/11904"}],"wp:attachment":[{"href":"https:\/\/www.judo-vaud.ch\/index.php?rest_route=%2Fwp%2Fv2%2Fmedia&parent=4609"}],"wp:term":[{"taxonomy":"category","embeddable":true,"href":"https:\/\/www.judo-vaud.ch\/index.php?rest_route=%2Fwp%2Fv2%2Fcategories&post=4609"},{"taxonomy":"post_tag","embeddable":true,"href":"https:\/\/www.judo-vaud.ch\/index.php?rest_route=%2Fwp%2Fv2%2Ftags&post=4609"}],"curies":[{"name":"wp","href":"https:\/\/api.w.org\/{rel}","templated":true}]}}