{"id":4564,"date":"2016-02-29T07:35:02","date_gmt":"2016-02-29T06:35:02","guid":{"rendered":"http:\/\/www.judo-vaud.ch\/?p=4564"},"modified":"2016-02-29T07:35:02","modified_gmt":"2016-02-29T06:35:02","slug":"4564","status":"publish","type":"post","link":"https:\/\/www.judo-vaud.ch\/?p=4564","title":{"rendered":"Convocations TCP 2016"},"content":{"rendered":"<img decoding=\"async\" class=\"alignright wp-image-1643 size-thumbnail\" src=\"http:\/\/www.judo-vaud.ch\/cms\/wp-content\/plugins\/AVJJ-ShortCode\/photos\/sans-titre-157-150x150.jpg\" alt=\"TC\" width=\"150\" height=\"150\" \/>\n<p style=\"text-align: left;\" align=\"center\">Les inscriptions au Tournoi Cantonal de printemps 2016 sont termin\u00e9es. Les horaires des pes\u00e9es et combats ont\u00a0\u00e9t\u00e9 envoy\u00e9s aux clubs et \u00e9coles de notre association.<\/p>\n<p style=\"text-align: left;\" align=\"center\"><!--more--><\/p>\n<p>Le prochain tournoi de printemps aura lieu le dimanche 13 mars 2016<a href=\"https:\/\/www.google.ch\/maps\/place\/46{6d0d6f5d09f30b5550e609a19f51c2c87a4e8036f34193a562c6f2756a0c0119}C2{6d0d6f5d09f30b5550e609a19f51c2c87a4e8036f34193a562c6f2756a0c0119}B032'10.8{6d0d6f5d09f30b5550e609a19f51c2c87a4e8036f34193a562c6f2756a0c0119}22N+6{6d0d6f5d09f30b5550e609a19f51c2c87a4e8036f34193a562c6f2756a0c0119}C2{6d0d6f5d09f30b5550e609a19f51c2c87a4e8036f34193a562c6f2756a0c0119}B020'20.4{6d0d6f5d09f30b5550e609a19f51c2c87a4e8036f34193a562c6f2756a0c0119}22E\/@46.5363387,6.3392091,144m\/data=!3m1!1e3!4m2!3m1!1s0x0:0x0\" target=\"_blank\">.<\/a> c&rsquo;est plus de 300 enfants n\u00e9s entre 2006 et 2008 qui s\u2019affronteront dans des combats aux r\u00e8gles adapt\u00e9es pour leur \u00e2ge.<\/p>\n<p>La pr\u00e9sentation du Tournoi Cantonal se trouve sur <a href=\"http:\/\/www.judo-vaud.ch\/?page_id=1252\">la page suivante<\/a>.<\/p>\n<p><div class=\"wp-caption \" id=\"attachment_1576\" style=\"width: 150;\"><a  class=\"nofancybox\"  href=\"http:\/\/www.judo-vaud.ch\/cms\/wp-content\/uploads\/2016\/02\/TCP2016.pdf\" target=\"_blank\"><img decoding=\"async\" width=\"150\" height=\"150\" class=\"wp-image-1576\" alt=\"Tournoi Cantonal\" src=\"http:\/\/www.judo-vaud.ch\/cms\/wp-content\/plugins\/AVJJ-ShortCode\/png\/pdf.png\"><\/a><p class=\"wp-caption-text\"><a href=\"http:\/\/www.judo-vaud.ch\/cms\/wp-content\/uploads\/2016\/02\/TCP2016.pdf\">Horaires des pes\u00e9es<\/a><\/p><\/div><div class=\"wp-caption \" id=\"attachment_1577\" style=\"width: 150;\"><a  class=\"nofancybox\"  href=\"http:\/\/www.judo-vaud.ch\/cms\/wp-content\/uploads\/2015\/12\/TournoiCantonalPrintemps2016-v2.pdf\" target=\"_blank\"><img decoding=\"async\" width=\"150\" height=\"150\" class=\"wp-image-1577\" alt=\"Liste compl\u00e8te\" src=\"http:\/\/www.judo-vaud.ch\/cms\/wp-content\/plugins\/AVJJ-ShortCode\/png\/pdf.png\"><\/a><p class=\"wp-caption-text\"><a href=\"http:\/\/www.judo-vaud.ch\/cms\/wp-content\/uploads\/2015\/12\/TournoiCantonalPrintemps2016-v2.pdf\">Invitation tournoi printemps 2016<\/a><\/p><\/div><br \/>\nLes<a href=\"https:\/\/www.judo-vaud.ch\/cms\/wp-content\/uploads\/2016\/02\/TCP2016.pdf\" target=\"_blank\"> horaires de pes\u00e9es <\/a>sont les suivants:<\/p>\n<table style=\"border-collapse: collapse; width: 218px; height: 347px;\" border=\"0\" width=\"176\" cellspacing=\"0\" cellpadding=\"0\">\n<colgroup>\n<col style=\"width: 66pt;\" span=\"2\" width=\"88\" \/> <\/colgroup>\n<tbody>\n<tr style=\"height: 14.25pt;\">\n<td style=\"height: 14.25pt; width: 66pt;\" width=\"88\" height=\"19\">CATEGORIES<\/td>\n<td class=\"xl65\" style=\"width: 66pt;\" width=\"88\">HORAIRES<\/td>\n<\/tr>\n<tr style=\"height: 14.25pt;\">\n<td style=\"height: 14.25pt;\" height=\"19\">-22kg<\/td>\n<td class=\"xl65\" align=\"right\">09:00<\/td>\n<\/tr>\n<tr style=\"height: 14.25pt;\">\n<td style=\"height: 14.25pt;\" height=\"19\">-24kg<\/td>\n<td class=\"xl65\" align=\"right\">09:30<\/td>\n<\/tr>\n<tr style=\"height: 14.25pt;\">\n<td style=\"height: 14.25pt;\" height=\"19\">-26kg<\/td>\n<td class=\"xl65\" align=\"right\">10:00<\/td>\n<\/tr>\n<tr style=\"height: 14.25pt;\">\n<td style=\"height: 14.25pt;\" height=\"19\">-28kg<\/td>\n<td class=\"xl65\" align=\"right\">11:00<\/td>\n<\/tr>\n<tr style=\"height: 14.25pt;\">\n<td style=\"height: 14.25pt;\" height=\"19\">-30kg<\/td>\n<td class=\"xl65\" align=\"right\">12:00<\/td>\n<\/tr>\n<tr style=\"height: 14.25pt;\">\n<td style=\"height: 14.25pt;\" height=\"19\">-33kg<\/td>\n<td class=\"xl65\" align=\"right\">13:00<\/td>\n<\/tr>\n<tr style=\"height: 14.25pt;\">\n<td style=\"height: 14.25pt;\" height=\"19\">-36kg<\/td>\n<td class=\"xl65\" align=\"right\">13:45<\/td>\n<\/tr>\n<tr style=\"height: 14.25pt;\">\n<td style=\"height: 14.25pt;\" height=\"19\">-40kg<\/td>\n<td class=\"xl65\" align=\"right\">14:15<\/td>\n<\/tr>\n<tr style=\"height: 14.25pt;\">\n<td style=\"height: 14.25pt;\" height=\"19\">-45kg<\/td>\n<td class=\"xl65\" align=\"right\">14:15<\/td>\n<\/tr>\n<tr style=\"height: 14.25pt;\">\n<td style=\"height: 14.25pt;\" height=\"19\">+45kg<\/td>\n<td class=\"xl65\" align=\"right\">14:15<\/td>\n<\/tr>\n<\/tbody>\n<\/table>\n<div class=\"wp-caption \" id=\"attachment_1578\" style=\"width: 150;\"><a  class=\"nofancybox\"  href=\"http:\/\/www.judo-vaud.ch\/cms\/wp-content\/uploads\/2016\/01\/PlanSituation.pdf\" target=\"_blank\"><img loading=\"lazy\" decoding=\"async\" width=\"150\" height=\"150\" class=\"wp-image-1578\" alt=\"Tournoi Cantonal\" src=\"http:\/\/www.judo-vaud.ch\/cms\/wp-content\/plugins\/AVJJ-ShortCode\/png\/pdf.png\"><\/a><p class=\"wp-caption-text\"><a href=\"http:\/\/www.judo-vaud.ch\/cms\/wp-content\/uploads\/2016\/01\/PlanSituation.pdf\">PlanSituation<\/a><\/p><\/div>\n<div class=\"wp-caption \" id=\"attachment_1575\" style=\"width: 150;\"><a  class=\"nofancybox\"  href=\"https:\/\/www.google.ch\/maps\/place\/Avenue+des+Trois-Lacs+1,+1400+Yverdon-les-Bains\/@46.7723125,6.6326107,17.28z\/data=!4m2!3m1!1s0x478dcf9ef6f59915:0x179ae6abb5241086\" target=\"_blank\"><img loading=\"lazy\" decoding=\"async\" width=\"150\" height=\"150\" class=\"wp-image-1575\" alt=\"Championnats Vaudois\" src=\"http:\/\/www.judo-vaud.ch\/cms\/wp-content\/plugins\/AVJJ-ShortCode\/png\/html.png\"><\/a><p class=\"wp-caption-text\"><a href=\"https:\/\/www.google.ch\/maps\/place\/Avenue+des+Trois-Lacs+1,+1400+Yverdon-les-Bains\/@46.7723125,6.6326107,17.28z\/data=!4m2!3m1!1s0x478dcf9ef6f59915:0x179ae6abb5241086\">Localisation<\/a><\/p><\/div>\n<p>&nbsp;<\/p>\n<p>&nbsp;<\/p>\n<p>&nbsp;<\/p>\n<p>&nbsp;<\/p>\n<p>&nbsp;<\/p>\n<p><strong>Renseignements :<\/strong><\/p>\n<div id=\"cn-top\" style=\"position: absolute; top: 0; right: 0;\"><\/div><div class=\"cn-list\" id=\"cn-list\" data-connections-version=\"10.4.67-0.7\"><div class=\"cn-template cn-card\" id=\"cn-card\" data-template-version=\"3.0\"><div class=\"cn-list-head\">\n\n<\/div>\n<div class=\"cn-list-body\" id=\"cn-list-body\">\n<div class=\"cn-list-row cn-list-item vcard individual comite commission-allocation-aide-jeunes-competiteurs resp-assistantentraineur resp-competitions resp-sport-etude\" id=\"francois-chavanne\" data-entry-type=\"individual\" data-entry-id=\"1\" data-entry-slug=\"francois-chavanne\"><div class=\"cn-entry\" style=\"background-color: #FFF;border: 1px solid #E3E3E3;border-radius: 4px;color: #000;margin: 8px 0;padding: 10px;position: relative\">\n\n\t<div class=\"cn-left\" style=\"width:49%; float:left\">\n\t\t<span class=\"cn-image-style\"><span style=\"display: block; max-width: 100%; width: 112px\"><a href=\"http:\/\/www.judo-vaud.ch\/?page_id=1442\" target=\"_self\" rel=\"dofollow\"><img loading=\"lazy\" width=\"112\" height=\"150\" sizes=\"auto, 100vw\" lazyload=\"1\" class=\"cn-image photo\" alt=\"Photo de Fran\u00e7ois Chavanne\" title=\"Photo de Fran\u00e7ois Chavanne\" srcset=\"\/\/www.judo-vaud.ch\/cms\/wp-content\/uploads\/connections-images\/francois-chavanne\/Franyois_original-de6bae4577fca49aa91f57bc41ed41ff.jpg 1x\" loading=\"lazy\"\/><\/a><\/span><\/span>\n\t\t<div style=\"clear:both;\"><\/div>\n\t\t<div style=\"margin-bottom: 10px;\">\n\t\t\t<div style=\"font-size:larger;font-variant: small-caps\"><strong><span class=\"fn n notranslate\"> <span class=\"given-name\">Fran\u00e7ois<\/span> <span class=\"family-name\">Chavanne<\/span><\/span>\n<\/strong><\/div>\n\t\t\t<span class=\"title notranslate\">Pr\u00e9sident<\/span>\n\n\t\t<\/div>\n\n\t<\/div>\n\n\t<div class=\"cn-right\" style=\"text-align: right;\">\n\n\t\t<span class=\"address-block\"><span class=\"adr cn-address\"> <span class=\"street-address notranslate\">Ch. du Mol\u00e9son 12<\/span> <span class=\"locality\">Penthalaz<\/span> <span class=\"postal-code\">1305<\/span> <span class=\"type\" style=\"display: none;\">home<\/span><\/span><\/span>\n<span class=\"phone-number-block\">\n<span class=\"tel cn-phone-number cn-phone-number-type-homephone\"><span class=\"phone-name\">T\u00e9l\u00e9phone maison<\/span><span class=\"cn-separator\">:<\/span> <span class=\"value\">021 881 45 62<\/span><span class=\"type\" style=\"display: none;\">home<\/span><\/span>\n<span class=\"tel cn-phone-number cn-phone-number-type-cellphone\"><span class=\"phone-name\">T\u00e9l\u00e9phone mobile<\/span><span class=\"cn-separator\">:<\/span> <span class=\"value\">079 446 01 89<\/span><span class=\"type\" style=\"display: none;\">cell<\/span><\/span>\n<\/span>\n<span class=\"email-address-block\">\n<span class=\"email cn-email-address\"><span class=\"email-name\">Courriel personnel<\/span><span class=\"cn-separator\">:<\/span> <span class=\"email-address\"><script type=\"text\/javascript\">\r\n\t\t\t\t\t\/* <![CDATA[ *\/\r\n\t \t\t\t\tcnROT13.writeROT13(\"<n pynff=\\\"inyhr\\\" gvgyr=\\\"Sena\u00e7bvf Puninaar crefbany rznvy\\056\\\" uers=\\\"znvygb:senapbvf\\056puninaar\\100oyhrjva\\056pu\\\">senapbvf\\056puninaar\\100oyhrjva\\056pu<\\057n>\");\r\n\t\t\t\t\t\/* ]]-> *\/\r\n\t \t\t\t\t<\/script><noscript><span style=\"unicode-bidi: bidi-override; direction:rtl;\">&#104;&#99;&#46;niweu&#108;b&#64;&#101;&#110;&#110;&#97;&#118;a&#104;&#99;.&#115;iocnar&#102;<\/span><\/noscript><\/span><span class=\"type\" style=\"display: none;\">INTERNET<\/span><\/span>\n<\/span>\n<span class=\"link-block\">\n<span class=\"link cn-link website cn-preferred cn-link-preferred\"><span class=\"link-name\">Site internet<\/span><span class=\"cn-separator\">:<\/span> <a class=\"url\" href=\"http:\/\/www.judo-vaud.ch\/?page_id=1442\" target=\"_self\" rel=\"noopener\" >Page Personnelle<\/a><\/span>\n<\/span>\n\n\t<\/div>\n\n\t<div style=\"clear:both\"><\/div>\n\n\t\n\t<div class=\"cn-meta\" style=\"margin-top: 6px\">\n\t\t\t<\/div>\n\n\t<div class=\"cn-clear\" style=\"display:table;width:100%;\">\n\t\t<div style=\"display:table-cell;vertical-align:middle;\">\n\t\t\t<div class=\"cn-categories\"><span class=\"cn_category_label\">Cat\u00e9gories : <\/span> <span class=\"cn-category-name cn_category cn-category-2 cn-category-comite\">Comit\u00e9<\/span><span class=\"cn-category-separator\">, <\/span><span class=\"cn-category-name cn_category cn-category-29 cn-category-commission-allocation-aide-jeunes-competiteurs\">commission allocation aide jeunes comp\u00e9titeurs<\/span><span class=\"cn-category-separator\">, <\/span><span class=\"cn-category-name cn_category cn-category-32 cn-category-resp-assistantentraineur\">Resp. Assistant entraineur<\/span><span class=\"cn-category-separator\">, <\/span><span class=\"cn-category-name cn_category cn-category-12 cn-category-resp-competitions\">Resp. comp\u00e9titions<\/span><span class=\"cn-category-separator\">, <\/span><span class=\"cn-category-name cn_category cn-category-4 cn-category-resp-sport-etude\">Resp. Sport Etude<\/span><\/div>\n\t\t<\/div>\n\t\t<div style=\"display:table-cell;text-align:right;vertical-align:middle;\">\n\t\t\t<span class=\"cn-last-updated\" style=\"display: none;font-size: 10px;font-variant: small-caps;margin-right: 10px\">Mis \u00e0 jour il y a 1 an.<\/span>\n<span class=\"cn-return-to-top\"><a href=\"#cn-top\" title=\"Retour haut de page\"><img decoding=\"async\" src=\"https:\/\/www.judo-vaud.ch\/cms\/wp-content\/plugins\/connections\/assets\/images\/uparrow.gif\" alt=\"Retour haut de page\"\/><\/a><\/span>\n\t\t<\/div>\n\t<\/div>\n\n<\/div>\n\n<\/div>\n<\/div>\n<div class=\"cn-list-foot\">\n\n<\/div>\n\n<\/div>\n\n<\/div>\n<div id=\"cn-top\" style=\"position: absolute; top: 0; right: 0;\"><\/div><div class=\"cn-list\" id=\"cn-list\" data-connections-version=\"10.4.67-0.7\"><div class=\"cn-template cn-card\" id=\"cn-card\" data-template-version=\"3.0\"><div class=\"cn-list-head\">\n\n<\/div>\n<div class=\"cn-list-body\" id=\"cn-list-body\">\n<div class=\"cn-list-row cn-list-item vcard individual comite-anciens membre-honneur\" id=\"elisabeth-jaquinet-2\" data-entry-type=\"individual\" data-entry-id=\"7\" data-entry-slug=\"elisabeth-jaquinet-2\"><div class=\"cn-entry\" style=\"background-color: #FFF;border: 1px solid #E3E3E3;border-radius: 4px;color: #000;margin: 8px 0;padding: 10px;position: relative\">\n\n\t<div class=\"cn-left\" style=\"width:49%; float:left\">\n\t\t<span class=\"cn-image-style\"><span style=\"display: block; max-width: 100%; width: 112px\"><a href=\"http:\/\/www.judo-vaud.ch\/?page_id=1464\" target=\"_blank\" rel=\"dofollow\"><img loading=\"lazy\" width=\"112\" height=\"150\" sizes=\"auto, 100vw\" lazyload=\"1\" class=\"cn-image photo\" alt=\"Photo de Elisabeth Jaquinet\" title=\"Photo de Elisabeth Jaquinet\" srcset=\"\/\/www.judo-vaud.ch\/cms\/wp-content\/uploads\/connections-images\/elisabeth-jaquinet-2\/babette_original-de6bae4577fca49aa91f57bc41ed41ff.jpg 1x\" loading=\"lazy\"\/><\/a><\/span><\/span>\n\t\t<div style=\"clear:both;\"><\/div>\n\t\t<div style=\"margin-bottom: 10px;\">\n\t\t\t<div style=\"font-size:larger;font-variant: small-caps\"><strong><span class=\"fn n notranslate\"> <span class=\"given-name\">Elisabeth<\/span> <span class=\"family-name\">Jaquinet<\/span><\/span>\n<\/strong><\/div>\n\t\t\t<span class=\"title notranslate\">Membre du comit\u00e9<\/span>\n\n\t\t<\/div>\n\n\t<\/div>\n\n\t<div class=\"cn-right\" style=\"text-align: right;\">\n\n\t\t<span class=\"address-block\"><span class=\"adr cn-address\"> <span class=\"street-address notranslate\">Rte de Grens 18<\/span> <span class=\"locality\">Cheserex<\/span> <span class=\"postal-code\">1275<\/span> <span class=\"type\" style=\"display: none;\">home<\/span><\/span><\/span>\n<span class=\"phone-number-block\">\n<span class=\"tel cn-phone-number cn-phone-number-type-homephone\"><span class=\"phone-name\">T\u00e9l\u00e9phone maison<\/span><span class=\"cn-separator\">:<\/span> <span class=\"value\">022 369 18 77<\/span><span class=\"type\" style=\"display: none;\">home<\/span><\/span>\n<\/span>\n<span class=\"email-address-block\">\n<span class=\"email cn-email-address\"><span class=\"email-name\">Courriel personnel<\/span><span class=\"cn-separator\">:<\/span> <span class=\"email-address\"><script type=\"text\/javascript\">\r\n\t\t\t\t\t\/* <![CDATA[ *\/\r\n\t \t\t\t\tcnROT13.writeROT13(\"<n pynff=\\\"inyhr\\\" gvgyr=\\\"Ryvfnorgu Wndhvarg crefbany rznvy\\056\\\" uers=\\\"znvygb:ryvfnorgu\\100whqb-inhq\\056pu\\\">ryvfnorgu\\100whqb-inhq\\056pu<\\057n>\");\r\n\t\t\t\t\t\/* ]]-> *\/\r\n\t \t\t\t\t<\/script><noscript><span style=\"unicode-bidi: bidi-override; direction:rtl;\">&#104;c&#46;&#100;uav-o&#100;&#117;&#106;&#64;hte&#98;as&#105;&#108;&#101;<\/span><\/noscript><\/span><span class=\"type\" style=\"display: none;\">INTERNET<\/span><\/span>\n<\/span>\n<span class=\"link-block\">\n<span class=\"link cn-link website\"><span class=\"link-name\">Site internet<\/span><span class=\"cn-separator\">:<\/span> <a class=\"url\" href=\"http:\/\/www.judo-vaud.ch\/?page_id=1464\" target=\"_blank\" rel=\"noopener\" >Page Personnelle<\/a><\/span>\n<\/span>\n\n\t<\/div>\n\n\t<div style=\"clear:both\"><\/div>\n\n\t\n\t<div class=\"cn-meta\" style=\"margin-top: 6px\">\n\t\t\t<\/div>\n\n\t<div class=\"cn-clear\" style=\"display:table;width:100%;\">\n\t\t<div style=\"display:table-cell;vertical-align:middle;\">\n\t\t\t<div class=\"cn-categories\"><span class=\"cn_category_label\">Cat\u00e9gories : <\/span> <span class=\"cn-category-name cn_category cn-category-25 cn-category-comite-anciens\">anciens-comit\u00e9<\/span><span class=\"cn-category-separator\">, <\/span><span class=\"cn-category-name cn_category cn-category-11 cn-category-membre-honneur\">Membre Honneur<\/span><\/div>\n\t\t<\/div>\n\t\t<div style=\"display:table-cell;text-align:right;vertical-align:middle;\">\n\t\t\t<span class=\"cn-last-updated\" style=\"display: none;font-size: 10px;font-variant: small-caps;margin-right: 10px\">Mis \u00e0 jour il y a 7 ans.<\/span>\n<span class=\"cn-return-to-top\"><a href=\"#cn-top\" title=\"Retour haut de page\"><img decoding=\"async\" src=\"https:\/\/www.judo-vaud.ch\/cms\/wp-content\/plugins\/connections\/assets\/images\/uparrow.gif\" alt=\"Retour haut de page\"\/><\/a><\/span>\n\t\t<\/div>\n\t<\/div>\n\n<\/div>\n\n<\/div>\n<\/div>\n<div class=\"cn-list-foot\">\n\n<\/div>\n\n<\/div>\n\n<\/div>\n","protected":false},"excerpt":{"rendered":"<p>Les inscriptions au Tournoi Cantonal de printemps 2016 sont termin\u00e9es. Les horaires des pes\u00e9es et combats ont\u00a0\u00e9t\u00e9 envoy\u00e9s aux clubs et \u00e9coles de notre association.<\/p>\n","protected":false},"author":11,"featured_media":0,"comment_status":"closed","ping_status":"closed","sticky":false,"template":"","format":"standard","meta":{"_cbd_carousel_blocks":"[]","footnotes":""},"categories":[15,18,36],"tags":[],"class_list":["post-4564","post","type-post","status-publish","format-standard","hentry","category-competition","category-judo","category-tc"],"_links":{"self":[{"href":"https:\/\/www.judo-vaud.ch\/index.php?rest_route=\/wp\/v2\/posts\/4564","targetHints":{"allow":["GET"]}}],"collection":[{"href":"https:\/\/www.judo-vaud.ch\/index.php?rest_route=\/wp\/v2\/posts"}],"about":[{"href":"https:\/\/www.judo-vaud.ch\/index.php?rest_route=\/wp\/v2\/types\/post"}],"author":[{"embeddable":true,"href":"https:\/\/www.judo-vaud.ch\/index.php?rest_route=\/wp\/v2\/users\/11"}],"replies":[{"embeddable":true,"href":"https:\/\/www.judo-vaud.ch\/index.php?rest_route=%2Fwp%2Fv2%2Fcomments&post=4564"}],"version-history":[{"count":0,"href":"https:\/\/www.judo-vaud.ch\/index.php?rest_route=\/wp\/v2\/posts\/4564\/revisions"}],"wp:attachment":[{"href":"https:\/\/www.judo-vaud.ch\/index.php?rest_route=%2Fwp%2Fv2%2Fmedia&parent=4564"}],"wp:term":[{"taxonomy":"category","embeddable":true,"href":"https:\/\/www.judo-vaud.ch\/index.php?rest_route=%2Fwp%2Fv2%2Fcategories&post=4564"},{"taxonomy":"post_tag","embeddable":true,"href":"https:\/\/www.judo-vaud.ch\/index.php?rest_route=%2Fwp%2Fv2%2Ftags&post=4564"}],"curies":[{"name":"wp","href":"https:\/\/api.w.org\/{rel}","templated":true}]}}