{"id":4546,"date":"2016-01-31T14:31:46","date_gmt":"2016-01-31T13:31:46","guid":{"rendered":"http:\/\/www.judo-vaud.ch\/?p=4546"},"modified":"2016-01-31T14:31:46","modified_gmt":"2016-01-31T13:31:46","slug":"eju-events","status":"publish","type":"post","link":"https:\/\/www.judo-vaud.ch\/?p=4546","title":{"rendered":"EJU Events"},"content":{"rendered":"<img decoding=\"async\" class=\"alignright wp-image-1643 size-thumbnail\" src=\"http:\/\/www.judo-vaud.ch\/cms\/wp-content\/plugins\/AVJJ-ShortCode\/photos\/eju.jpg\" alt=\"EJU\" width=\"150\" height=\"150\" \/>\n<p>L&rsquo;union Europ\u00e9enne de Judo propose plusieurs \u00e9v\u00e9nements internationaux et appelle \u00e0 candidature pour des pr\u00e9sentations:<\/p>\n<p><!--more--><\/p>\n<ul>\n<li>3rd European Science of Judo Research Symposium &amp;<br \/>\n2nd Scientific and Professional Conference on Judo: \u201cApplicable Research in Judo\u201c<\/li>\n<li>7th exhibition of judo research<br \/>\nKazan (RUS), Toledo (ESP),\u00a0 Porec (CRO).<\/li>\n<\/ul>\n<p><div class=\"wp-caption \" id=\"attachment_1576\" style=\"width: 150;\"><a  class=\"nofancybox\"  href=\"http:\/\/www.judo-vaud.ch\/cms\/wp-content\/uploads\/2016\/01\/CONFERENCE-SYMPOSIUM-OUTLINES.pdf\" target=\"_blank\"><img decoding=\"async\" width=\"150\" height=\"150\" class=\"wp-image-1576\" alt=\"EJU conference\" src=\"http:\/\/www.judo-vaud.ch\/cms\/wp-content\/plugins\/AVJJ-ShortCode\/png\/pdf.png\"><\/a><p class=\"wp-caption-text\"><a href=\"http:\/\/www.judo-vaud.ch\/cms\/wp-content\/uploads\/2016\/01\/CONFERENCE-SYMPOSIUM-OUTLINES.pdf\">EJU conference<\/a><\/p><\/div><div class=\"wp-caption \" id=\"attachment_1577\" style=\"width: 150;\"><a  class=\"nofancybox\"  href=\"http:\/\/www.judo-vaud.ch\/cms\/wp-content\/uploads\/2016\/01\/2016_POSTER_PRESENTATION_OUTLINES.pdf\" target=\"_blank\"><img decoding=\"async\" width=\"150\" height=\"150\" class=\"wp-image-1577\" alt=\"EJU conference\" src=\"http:\/\/www.judo-vaud.ch\/cms\/wp-content\/plugins\/AVJJ-ShortCode\/png\/pdf.png\"><\/a><p class=\"wp-caption-text\"><a href=\"http:\/\/www.judo-vaud.ch\/cms\/wp-content\/uploads\/2016\/01\/2016_POSTER_PRESENTATION_OUTLINES.pdf\">Pr\u00e9sentation Posters<\/a><\/p><\/div><\/p>\n<p>&nbsp;<\/p>\n","protected":false},"excerpt":{"rendered":"<p>L&rsquo;union Europ\u00e9enne de Judo propose plusieurs \u00e9v\u00e9nements internationaux et appelle \u00e0 candidature pour des pr\u00e9sentations:<\/p>\n","protected":false},"author":3,"featured_media":0,"comment_status":"closed","ping_status":"closed","sticky":false,"template":"","format":"standard","meta":{"_cbd_carousel_blocks":"[]","footnotes":""},"categories":[18,1],"tags":[],"class_list":["post-4546","post","type-post","status-publish","format-standard","hentry","category-judo","category-non-classe"],"_links":{"self":[{"href":"https:\/\/www.judo-vaud.ch\/index.php?rest_route=\/wp\/v2\/posts\/4546","targetHints":{"allow":["GET"]}}],"collection":[{"href":"https:\/\/www.judo-vaud.ch\/index.php?rest_route=\/wp\/v2\/posts"}],"about":[{"href":"https:\/\/www.judo-vaud.ch\/index.php?rest_route=\/wp\/v2\/types\/post"}],"author":[{"embeddable":true,"href":"https:\/\/www.judo-vaud.ch\/index.php?rest_route=\/wp\/v2\/users\/3"}],"replies":[{"embeddable":true,"href":"https:\/\/www.judo-vaud.ch\/index.php?rest_route=%2Fwp%2Fv2%2Fcomments&post=4546"}],"version-history":[{"count":0,"href":"https:\/\/www.judo-vaud.ch\/index.php?rest_route=\/wp\/v2\/posts\/4546\/revisions"}],"wp:attachment":[{"href":"https:\/\/www.judo-vaud.ch\/index.php?rest_route=%2Fwp%2Fv2%2Fmedia&parent=4546"}],"wp:term":[{"taxonomy":"category","embeddable":true,"href":"https:\/\/www.judo-vaud.ch\/index.php?rest_route=%2Fwp%2Fv2%2Fcategories&post=4546"},{"taxonomy":"post_tag","embeddable":true,"href":"https:\/\/www.judo-vaud.ch\/index.php?rest_route=%2Fwp%2Fv2%2Ftags&post=4546"}],"curies":[{"name":"wp","href":"https:\/\/api.w.org\/{rel}","templated":true}]}}