{"id":3395,"date":"2015-06-23T23:24:42","date_gmt":"2015-06-23T22:24:42","guid":{"rendered":"http:\/\/www.judo-vaud.ch\/?p=3395"},"modified":"2015-06-23T23:24:42","modified_gmt":"2015-06-23T22:24:42","slug":"35eme-semaine-olympique","status":"publish","type":"post","link":"https:\/\/www.judo-vaud.ch\/?p=3395","title":{"rendered":"35\u00e8me Semaine Olympique"},"content":{"rendered":"<p><img decoding=\"async\" class=\"alignright size-full wp-image-3396\" src=\"https:\/\/www.judo-vaud.ch\/cms\/wp-content\/uploads\/2015\/06\/olymp.png\" alt=\"olymp\" width=\"97\" height=\"99\" \/>La Semaine Olympique aura lieu du dimanche 11 au jeudi 15 octobre 2015 prochain. Le Mus\u00e9e Olympique cherche des moniteurs J+S de Judo.<\/p>\n<p><!--more--><br \/>\nCette ann\u00e9e le Mus\u00e9e Olympique a charg\u00e9 Elisabeth Aubert de trouver des moniteurs J+S de diff\u00e9rents clubs vaudois qui seraient d&rsquo;accord de faire une animation judo durant la semaine olympique. Cette manifestation aura lieu du dimanche 11 au jeudi 15 octobre 2015 \u00e0 Lausanne.<\/p>\n<h3>D\u00e9tails:<\/h3>\n<p>Site du CIO :\u00a0<a href=\"http:\/\/www.olympic.org\" target=\"_blank\">http:\/\/www.olympic.org<\/a><\/p>\n<h3>Contact :<\/h3>\n<p>Babeth Aubert (<a href=\"mailto:marie.elisabeth.aubert@gmail.com\" target=\"_blank\">marie.elisabeth.aubert@gmail.com<\/a>)<br \/>\n<span style=\"line-height: 1.4em;\">Judo Attalens.<br \/>\n<\/span>Natel 079 474 51 80<\/p>\n<p>&nbsp;<\/p>\n","protected":false},"excerpt":{"rendered":"<p>La Semaine Olympique aura lieu du dimanche 11 au jeudi 15 octobre 2015 prochain. Le Mus\u00e9e Olympique cherche des moniteurs J+S de Judo.<\/p>\n","protected":false},"author":3,"featured_media":0,"comment_status":"closed","ping_status":"closed","sticky":false,"template":"","format":"standard","meta":{"_cbd_carousel_blocks":"[]","footnotes":""},"categories":[18,1],"tags":[],"class_list":["post-3395","post","type-post","status-publish","format-standard","hentry","category-judo","category-non-classe"],"_links":{"self":[{"href":"https:\/\/www.judo-vaud.ch\/index.php?rest_route=\/wp\/v2\/posts\/3395","targetHints":{"allow":["GET"]}}],"collection":[{"href":"https:\/\/www.judo-vaud.ch\/index.php?rest_route=\/wp\/v2\/posts"}],"about":[{"href":"https:\/\/www.judo-vaud.ch\/index.php?rest_route=\/wp\/v2\/types\/post"}],"author":[{"embeddable":true,"href":"https:\/\/www.judo-vaud.ch\/index.php?rest_route=\/wp\/v2\/users\/3"}],"replies":[{"embeddable":true,"href":"https:\/\/www.judo-vaud.ch\/index.php?rest_route=%2Fwp%2Fv2%2Fcomments&post=3395"}],"version-history":[{"count":0,"href":"https:\/\/www.judo-vaud.ch\/index.php?rest_route=\/wp\/v2\/posts\/3395\/revisions"}],"wp:attachment":[{"href":"https:\/\/www.judo-vaud.ch\/index.php?rest_route=%2Fwp%2Fv2%2Fmedia&parent=3395"}],"wp:term":[{"taxonomy":"category","embeddable":true,"href":"https:\/\/www.judo-vaud.ch\/index.php?rest_route=%2Fwp%2Fv2%2Fcategories&post=3395"},{"taxonomy":"post_tag","embeddable":true,"href":"https:\/\/www.judo-vaud.ch\/index.php?rest_route=%2Fwp%2Fv2%2Ftags&post=3395"}],"curies":[{"name":"wp","href":"https:\/\/api.w.org\/{rel}","templated":true}]}}