{"id":167,"date":"2011-11-06T09:46:08","date_gmt":"2011-11-06T08:46:08","guid":{"rendered":"https:\/\/www.judo-vaud.ch\/cms\/?p=167"},"modified":"2011-11-06T09:46:08","modified_gmt":"2011-11-06T08:46:08","slug":"tournoi-cantonal-dautomne","status":"publish","type":"post","link":"https:\/\/www.judo-vaud.ch\/?p=167","title":{"rendered":"Tournoi cantonal d\u2019automne"},"content":{"rendered":"<p><img decoding=\"async\" class=\"alignright wp-image-1643 size-thumbnail\" src=\"http:\/\/www.judo-vaud.ch\/cms\/wp-content\/plugins\/AVJJ-ShortCode\/photos\/sans-titre-157-150x150.jpg\" alt=\"TC\" width=\"150\" height=\"150\" \/><br \/>\nLe Tournoi cantonal d\u2019automne pour \u00e9coliers 8 et 9 ans s&rsquo;est d\u00e9roul\u00e9 \u00e0 Bussigny le 6 novembre 2011.<\/p>\n","protected":false},"excerpt":{"rendered":"<p>Le Tournoi cantonal d\u2019automne pour \u00e9coliers 8 et 9 ans s&rsquo;est d\u00e9roul\u00e9 \u00e0 Bussigny le 6 novembre 2011.<\/p>\n","protected":false},"author":4,"featured_media":0,"comment_status":"closed","ping_status":"open","sticky":false,"template":"","format":"standard","meta":{"_cbd_carousel_blocks":"[]","footnotes":""},"categories":[18,13,36],"tags":[],"class_list":["post-167","post","type-post","status-publish","format-standard","hentry","category-judo","category-resultats","category-tc"],"_links":{"self":[{"href":"https:\/\/www.judo-vaud.ch\/index.php?rest_route=\/wp\/v2\/posts\/167","targetHints":{"allow":["GET"]}}],"collection":[{"href":"https:\/\/www.judo-vaud.ch\/index.php?rest_route=\/wp\/v2\/posts"}],"about":[{"href":"https:\/\/www.judo-vaud.ch\/index.php?rest_route=\/wp\/v2\/types\/post"}],"author":[{"embeddable":true,"href":"https:\/\/www.judo-vaud.ch\/index.php?rest_route=\/wp\/v2\/users\/4"}],"replies":[{"embeddable":true,"href":"https:\/\/www.judo-vaud.ch\/index.php?rest_route=%2Fwp%2Fv2%2Fcomments&post=167"}],"version-history":[{"count":0,"href":"https:\/\/www.judo-vaud.ch\/index.php?rest_route=\/wp\/v2\/posts\/167\/revisions"}],"wp:attachment":[{"href":"https:\/\/www.judo-vaud.ch\/index.php?rest_route=%2Fwp%2Fv2%2Fmedia&parent=167"}],"wp:term":[{"taxonomy":"category","embeddable":true,"href":"https:\/\/www.judo-vaud.ch\/index.php?rest_route=%2Fwp%2Fv2%2Fcategories&post=167"},{"taxonomy":"post_tag","embeddable":true,"href":"https:\/\/www.judo-vaud.ch\/index.php?rest_route=%2Fwp%2Fv2%2Ftags&post=167"}],"curies":[{"name":"wp","href":"https:\/\/api.w.org\/{rel}","templated":true}]}}