{"id":14160,"date":"2026-09-02T17:29:59","date_gmt":"2026-09-02T16:29:59","guid":{"rendered":"https:\/\/www.judo-vaud.ch\/?p=14160"},"modified":"2026-09-02T17:35:10","modified_gmt":"2026-09-02T16:35:10","slug":"tournoi-bsa-2026-2-2-2-2-3","status":"publish","type":"post","link":"https:\/\/www.judo-vaud.ch\/?p=14160","title":{"rendered":"Podium et belle f\u00eate pour les judokas suisses"},"content":{"rendered":"<p><span style=\"font-size: 16px;\">Aur\u00e9lien Bonferroni a converti en bronze la magnifique journ\u00e9e de combats \u00e0 la Vaudoise ar\u00e9na, pour le premier Grand Slam de l&rsquo;histoire organis\u00e9 \u00e0 Lausanne <\/span><strong style=\"font-size: 16px;\"><em>(par Robin Carrel, Lausanne, Source:<\/em> https:\/\/www.20min.ch\/fr\/story\/judo-podium-et-belle-fete-pour-les-judokas-suisses-103624504).<\/strong><\/p>\n<div class=\"sc-96fb0400-2 kYwgMl\">\n<p>&nbsp;<\/p>\n<\/div>\n<div class=\"elementor-element elementor-element-b99cf3a elementor-widget elementor-widget-text-editor\" data-id=\"b99cf3a\" data-element_type=\"widget\" data-e-type=\"widget\" data-widget_type=\"text-editor.default\">\n<section>\n<div class=\"sc-96fb0400-2 Ypnfi\">\n<figure class=\"sc-7e8aa4e8-4 fyA-drX\">\n<div class=\"Image_imgContainer__a56Mx\"><img fetchpriority=\"high\" decoding=\"async\" title=\"Aur\u00e9lien Bonferroni laisse \u00e9clater sa joie sur le tatami de la Vaudoise ar\u00e9na. Le Genevois a d\u00e9croch\u00e9 le bronze au Grand Slam de Lausanne.\" src=\"https:\/\/image.20min.ch\/2026\/08\/29\/62684f8b-5cfa-47c6-9364-360b6522f946.jpg?auto=format%2Ccompress%2Cenhance&amp;fit=max&amp;w=1200&amp;h=1200&amp;rect=0%2C0%2C4852%2C3235&amp;s=c48ebdbb09772077b6e7b417f7f5e848\" srcset=\"https:\/\/image.20min.ch\/2026\/08\/29\/62684f8b-5cfa-47c6-9364-360b6522f946.jpg?auto=format%2Ccompress%2Cenhance&amp;fit=max&amp;w=400&amp;h=400&amp;rect=0%2C0%2C4852%2C3235&amp;s=234d28a95a4aa1634b5c68368391c6cd 400w, https:\/\/image.20min.ch\/2026\/08\/29\/62684f8b-5cfa-47c6-9364-360b6522f946.jpg?auto=format%2Ccompress%2Cenhance&amp;fit=max&amp;w=800&amp;h=800&amp;rect=0%2C0%2C4852%2C3235&amp;s=5144080c669be2790fb9210f540d794f 800w, https:\/\/image.20min.ch\/2026\/08\/29\/62684f8b-5cfa-47c6-9364-360b6522f946.jpg?auto=format%2Ccompress%2Cenhance&amp;fit=max&amp;w=1200&amp;h=1200&amp;rect=0%2C0%2C4852%2C3235&amp;s=c48ebdbb09772077b6e7b417f7f5e848 1200w, https:\/\/image.20min.ch\/2026\/08\/29\/62684f8b-5cfa-47c6-9364-360b6522f946.jpg?auto=format%2Ccompress%2Cenhance&amp;fit=max&amp;w=1600&amp;h=1600&amp;rect=0%2C0%2C4852%2C3235&amp;s=2e911b85d2099e4b90af164395267a9e 1600w, https:\/\/image.20min.ch\/2026\/08\/29\/62684f8b-5cfa-47c6-9364-360b6522f946.jpg?auto=format%2Ccompress%2Cenhance&amp;fit=max&amp;w=2001&amp;h=2000&amp;rect=0%2C0%2C4852%2C3235&amp;s=59550973aa0c9befdb377c50b72f0f08 2001w\" alt=\"Aur\u00e9lien Bonferroni laisse \u00e9clater sa joie sur le tatami de la Vaudoise ar\u00e9na. Le Genevois a d\u00e9croch\u00e9 le bronze au Grand Slam de Lausanne.\" width=\"1200\" height=\"800\" \/><\/div><figcaption class=\"sc-7e8aa4e8-0 euKkCd\"><span class=\"sc-7e8aa4e8-2 dVBRKB\">Aur\u00e9lien Bonferroni laisse \u00e9clater sa joie sur le tatami de la Vaudoise ar\u00e9na. Le Genevois a d\u00e9croch\u00e9 le bronze au Grand Slam de Lausanne.<\/span><span class=\"sc-7e8aa4e8-3 cFMUVI\">Pascal Muller\/freshfocus<\/span><\/figcaption><\/figure>\n<\/div>\n<p class=\"sc-96fb0400-2 bwOXSg\">\u00abNon. Je travaille depuis un moment sur la pr\u00e9paration mentale et j&rsquo;ai essay\u00e9 d&rsquo;aborder cette comp\u00e9tition de la m\u00eame fa\u00e7on que toute autre comp\u00e9tition. Maintenant, si il y a un seul truc qui a pas mal chang\u00e9 l&rsquo;affaire, c&rsquo;est que j&rsquo;ai \u00e9t\u00e9 encore plus boost\u00e9. Quand tu entres dans l&rsquo;ar\u00e9na et que tout le monde crie ton nom et t&rsquo;encourage, \u00e7a te donne une \u00e9nergie incroyable. Et je dis \u00e7a, alors que j&rsquo;ai de la peine \u00e0 aligner deux mots\u2026 Le sentiment a \u00e9t\u00e9 assez fou.\u00bb<\/p>\n<p class=\"sc-96fb0400-2 bwOXSg\">Thien Oulevey a beau avoir \u00e9t\u00e9 sorti au 3e tour de sa cat\u00e9gorie, il a parfaitement r\u00e9sum\u00e9 ce qu&rsquo;ont v\u00e9cu les judokas helv\u00e9tiques samedi \u00e0 la Vaudoise ar\u00e9na. Le Bussignolais de 21 ans ne tenait pas en place \u00e0 l&rsquo;heure de l&rsquo;interview, tr\u00e8s heureux de ce qu&rsquo;il venait de vivre, malgr\u00e9 sa d\u00e9faite en 8e de finale contre l&rsquo;Ukrainien Mykhailo Svidrak. Il a suffi de sortir de l&rsquo;enceinte, sur le coup des 15h, pour sentir \u00e0 nouveau l&rsquo;engouement. En croisant notamment le fans club du Vaudois, pas loin de la buvette.<\/p>\n<div class=\"sc-96fb0400-2 Ypnfi\">\n<figure class=\"sc-7e8aa4e8-4 fyA-drX\">\n<div class=\"Image_imgContainer__a56Mx\"><img decoding=\"async\" title=\"Binta Ndiaye et ses fans sur le parvis de la patinoire.\" src=\"https:\/\/image.20min.ch\/2026\/08\/29\/0e587f4f-cb4f-4b7f-9668-32aa7c2140d2.jpg?auto=format%2Ccompress%2Cenhance&amp;fit=max&amp;w=1200&amp;h=1200&amp;rect=0%2C0%2C1600%2C1200&amp;s=f495d9085b61df7467b1a9750b2efa6f\" srcset=\"https:\/\/image.20min.ch\/2026\/08\/29\/0e587f4f-cb4f-4b7f-9668-32aa7c2140d2.jpg?auto=format%2Ccompress%2Cenhance&amp;fit=max&amp;w=400&amp;h=400&amp;rect=0%2C0%2C1600%2C1200&amp;s=19e2ebce74106528515192f54ed27ec6 400w, https:\/\/image.20min.ch\/2026\/08\/29\/0e587f4f-cb4f-4b7f-9668-32aa7c2140d2.jpg?auto=format%2Ccompress%2Cenhance&amp;fit=max&amp;w=800&amp;h=800&amp;rect=0%2C0%2C1600%2C1200&amp;s=5d1ea4e79bba4a7c3eb5415f20a25be6 800w, https:\/\/image.20min.ch\/2026\/08\/29\/0e587f4f-cb4f-4b7f-9668-32aa7c2140d2.jpg?auto=format%2Ccompress%2Cenhance&amp;fit=max&amp;w=1200&amp;h=1200&amp;rect=0%2C0%2C1600%2C1200&amp;s=f495d9085b61df7467b1a9750b2efa6f 1200w, https:\/\/image.20min.ch\/2026\/08\/29\/0e587f4f-cb4f-4b7f-9668-32aa7c2140d2.jpg?auto=format%2Ccompress%2Cenhance&amp;fit=max&amp;w=1600&amp;h=1600&amp;rect=0%2C0%2C1600%2C1200&amp;s=11e0f9d9e1e13c1a93fd6cf47be1ef5b 1600w, https:\/\/image.20min.ch\/2026\/08\/29\/0e587f4f-cb4f-4b7f-9668-32aa7c2140d2.jpg?auto=format%2Ccompress%2Cenhance&amp;fit=max&amp;w=2001&amp;h=2000&amp;rect=0%2C0%2C1600%2C1200&amp;s=1cb5ed66152f360007107792fa2a0302 1600w\" alt=\"Binta Ndiaye et ses fans sur le parvis de la patinoire.\" width=\"1200\" height=\"900\" \/><\/div><figcaption class=\"sc-7e8aa4e8-0 euKkCd\"><em><span class=\"sc-7e8aa4e8-2 dVBRKB\">Binta Ndiaye et ses fans sur le parvis de la patinoire. <\/span><\/em><span class=\"sc-7e8aa4e8-3 cFMUVI\"><span class=\"sc-7e8aa4e8-3 cFMUVI\"><em>RCA<\/em><\/span><\/span>\u00a0<\/figcaption><\/figure>\n<\/div>\n<p>&nbsp;<\/p>\n<p class=\"sc-96fb0400-2 bwOXSg\">Quelques minutes plus tard, la chouchoute locale Binta Ndiaye a trouv\u00e9 le meilleur moyen de passer le temps et tromper l&rsquo;ennui d\u00fb \u00e0 son forfait sur blessure, en enquillant les d\u00e9dicaces et les selfies avec ses fans. C&rsquo;est m\u00eame la jeune Lausannoise qui a elle-m\u00eame d\u00e9cr\u00e9t\u00e9 le sens de la file, qui n&rsquo;a fait que s&rsquo;allonger, au fur et \u00e0 mesure que les gens l&rsquo;ont reconnue. Enfin, ceux qui ont r\u00e9ussi \u00e0 venir, \u00e0 cause de l&rsquo;incendie d&rsquo;Ecublens\u2026 Ceux qui ont choisi le train \u00e9taient \u00e0 l&rsquo;heure. Ceux qui ont voulu venir en voiture, par contre, doivent certainement encore chercher comment rallier Lausanne.<\/p>\n<p>&nbsp;<\/p>\n<div class=\"sc-96fb0400-2 bJBDPa\">\n<div class=\"sc-6d297a98-0 cPtXFl\" data-testid=\"InfoBox\">\n<div class=\"sc-6d297a98-3 iTQFrO\">\n<p class=\"sc-6d297a98-4 fjxCDh\"><em>Douillet: \u00abUne vitrine pour faire r\u00eaver\u00bb<br \/>\n<\/em><em>\u00abC&rsquo;est une discipline mondiale, le judo, nous a expliqu\u00e9 de son c\u00f4t\u00e9 David Douillet, le tr\u00e8s politique mythe fran\u00e7ais de la discipline. Quand on fait la comptabilit\u00e9 du nombre de nations en lice dans ce sport, c&rsquo;est un des sports o\u00f9 il y en a le plus. C&rsquo;est du niveau de l&rsquo;athl\u00e9tisme, de la natation\u2026 Des disciplines majeures de l&rsquo;olympisme! Il reste encore des continents o\u00f9 on est un peu faible, comme l&rsquo;Am\u00e9rique du Nord. C&rsquo;est un sport si \u00e9ducatif et si riche, bien au-del\u00e0 du sport. Cette arriv\u00e9e du Grand Slam en Suisse fait partie d&rsquo;un tout. Il faut une vitrine pour faire r\u00eaver et donner envie. Cette comp\u00e9tition, c&rsquo;est \u00e7a.\u00bb<\/em><\/p>\n<p>&nbsp;<\/p>\n<\/div>\n<\/div>\n<\/div>\n<p class=\"sc-96fb0400-2 bwOXSg\">Plus loin, des judokas d&rsquo;un peu tous les pays ont encha\u00een\u00e9 eux aussi des photos avec les nombreux enfants du public. Des clubs de tout le pays se sont mobilis\u00e9s et \u00e7a parlait pas mal suisse-allemand dans les trav\u00e9es de ce qui est encore parfois une patinoire. On a m\u00eame crois\u00e9 des Tessinois et aussi, forc\u00e9ment, un nombre appr\u00e9ciable de Fran\u00e7ais, forc\u00e9ment attir\u00e9s par les stars tricolores qui ont fait le d\u00e9placement. Clarisse Agbegnenou &#8211; troisi\u00e8me de sa cat\u00e9gorie et qui a fini en larmes -, qui revient tout juste d&rsquo;une deuxi\u00e8me maternit\u00e9, n&rsquo;a pas \u00e9t\u00e9 loin des Helv\u00e8tes \u00e0 l&rsquo;applaudim\u00e8tre.<\/p>\n<div class=\"sc-96fb0400-2 Ypnfi\">\n<figure class=\"sc-7e8aa4e8-4 fyA-drX\">\n<div class=\"Image_imgContainer__a56Mx\"><img decoding=\"async\" title=\"\" src=\"https:\/\/image.20min.ch\/2026\/08\/29\/7792ff1a-d94c-4c28-b456-7415a92ab3ab.jpg?auto=format%2Ccompress%2Cenhance&amp;fit=max&amp;w=1200&amp;h=1200&amp;rect=0%2C0%2C1600%2C1200&amp;s=4df09c63fdf6ef3b4c6ee1b216581785\" srcset=\"https:\/\/image.20min.ch\/2026\/08\/29\/7792ff1a-d94c-4c28-b456-7415a92ab3ab.jpg?auto=format%2Ccompress%2Cenhance&amp;fit=max&amp;w=400&amp;h=400&amp;rect=0%2C0%2C1600%2C1200&amp;s=dcc947e5c2984599c05782a482a2941a 400w, https:\/\/image.20min.ch\/2026\/08\/29\/7792ff1a-d94c-4c28-b456-7415a92ab3ab.jpg?auto=format%2Ccompress%2Cenhance&amp;fit=max&amp;w=800&amp;h=800&amp;rect=0%2C0%2C1600%2C1200&amp;s=9232ad271cc4d127a6c7e8031d6bb469 800w, https:\/\/image.20min.ch\/2026\/08\/29\/7792ff1a-d94c-4c28-b456-7415a92ab3ab.jpg?auto=format%2Ccompress%2Cenhance&amp;fit=max&amp;w=1200&amp;h=1200&amp;rect=0%2C0%2C1600%2C1200&amp;s=4df09c63fdf6ef3b4c6ee1b216581785 1200w, https:\/\/image.20min.ch\/2026\/08\/29\/7792ff1a-d94c-4c28-b456-7415a92ab3ab.jpg?auto=format%2Ccompress%2Cenhance&amp;fit=max&amp;w=1600&amp;h=1600&amp;rect=0%2C0%2C1600%2C1200&amp;s=13f78e1e0ac3c34eb97f2e8aa84d0adf 1600w, https:\/\/image.20min.ch\/2026\/08\/29\/7792ff1a-d94c-4c28-b456-7415a92ab3ab.jpg?auto=format%2Ccompress%2Cenhance&amp;fit=max&amp;w=2001&amp;h=2000&amp;rect=0%2C0%2C1600%2C1200&amp;s=279d6f39f5bf12b971aafc0e1b37933c 1600w\" alt=\"\" width=\"1200\" height=\"900\" \/><\/div><figcaption class=\"sc-7e8aa4e8-0 euKkCd\"><em><span class=\"sc-7e8aa4e8-3 cFMUVI\">RCA<\/span><\/em><\/figcaption><\/figure>\n<\/div>\n<p class=\"sc-96fb0400-2 bwOXSg\">Mais le clou de ce samedi a sans conteste \u00e9t\u00e9 les deux finales pour le bronze d&rsquo;April Lynn Fohou et d&rsquo;Aur\u00e9lien Bonferroni. La jeune Vaudoise de 20 ans n&rsquo;a toutefois pas r\u00e9ussi \u00e0 monter sur le podium, soumise et durement touch\u00e9e au bras par la Chinoise Liu Lu. Le Genevois de 24 printemps, lui, a d\u00e9croch\u00e9 le bronze en beaut\u00e9. Il s&rsquo;est jou\u00e9 du Br\u00e9silien Gabriel Falcao, apr\u00e8s avoir d\u00fb passer par les rep\u00eachages, pour le plus grand bonheur d&rsquo;une patinoire qui accueillera plus de 12&rsquo;000 personnes sur cette fin de semaine.\u00a0<a href=\"https:\/\/www.20min.ch\/fr\/story\/judo-les-mondiaux-2028-auront-lieu-a-lausanne-103624359\">All\u00e9chant, en vue des prochains Mondiaux 2028 au m\u00eame endroit.<\/a><\/p>\n<p>&nbsp;<\/p>\n<\/section>\n<\/div>\n","protected":false},"excerpt":{"rendered":"<p>Aur\u00e9lien Bonferroni a converti en bronze la magnifique journ\u00e9e de combats \u00e0 la Vaudoise ar\u00e9na, pour le premier Grand Slam de l&rsquo;histoire organis\u00e9 \u00e0 Lausanne (par Robin Carrel, Lausanne, Source: https:\/\/www.20min.ch\/fr\/story\/judo-podium-et-belle-fete-pour-les-judokas-suisses-103624504). &nbsp; Aur\u00e9lien Bonferroni laisse \u00e9clater sa joie sur le tatami de la Vaudoise ar\u00e9na. Le Genevois a d\u00e9croch\u00e9 le bronze au Grand Slam de [&hellip;]<\/p>\n","protected":false},"author":31,"featured_media":14165,"comment_status":"closed","ping_status":"closed","sticky":false,"template":"","format":"standard","meta":{"_cbd_carousel_blocks":"[]","footnotes":""},"categories":[15,18,55],"tags":[],"class_list":["post-14160","post","type-post","status-publish","format-standard","has-post-thumbnail","hentry","category-competition","category-judo","category-petite-annonce"],"_links":{"self":[{"href":"https:\/\/www.judo-vaud.ch\/index.php?rest_route=\/wp\/v2\/posts\/14160","targetHints":{"allow":["GET"]}}],"collection":[{"href":"https:\/\/www.judo-vaud.ch\/index.php?rest_route=\/wp\/v2\/posts"}],"about":[{"href":"https:\/\/www.judo-vaud.ch\/index.php?rest_route=\/wp\/v2\/types\/post"}],"author":[{"embeddable":true,"href":"https:\/\/www.judo-vaud.ch\/index.php?rest_route=\/wp\/v2\/users\/31"}],"replies":[{"embeddable":true,"href":"https:\/\/www.judo-vaud.ch\/index.php?rest_route=%2Fwp%2Fv2%2Fcomments&post=14160"}],"version-history":[{"count":7,"href":"https:\/\/www.judo-vaud.ch\/index.php?rest_route=\/wp\/v2\/posts\/14160\/revisions"}],"predecessor-version":[{"id":14168,"href":"https:\/\/www.judo-vaud.ch\/index.php?rest_route=\/wp\/v2\/posts\/14160\/revisions\/14168"}],"wp:featuredmedia":[{"embeddable":true,"href":"https:\/\/www.judo-vaud.ch\/index.php?rest_route=\/wp\/v2\/media\/14165"}],"wp:attachment":[{"href":"https:\/\/www.judo-vaud.ch\/index.php?rest_route=%2Fwp%2Fv2%2Fmedia&parent=14160"}],"wp:term":[{"taxonomy":"category","embeddable":true,"href":"https:\/\/www.judo-vaud.ch\/index.php?rest_route=%2Fwp%2Fv2%2Fcategories&post=14160"},{"taxonomy":"post_tag","embeddable":true,"href":"https:\/\/www.judo-vaud.ch\/index.php?rest_route=%2Fwp%2Fv2%2Ftags&post=14160"}],"curies":[{"name":"wp","href":"https:\/\/api.w.org\/{rel}","templated":true}]}}