{"id":12873,"date":"2025-08-04T10:19:48","date_gmt":"2025-08-04T09:19:48","guid":{"rendered":"https:\/\/www.judo-vaud.ch\/?p=12873"},"modified":"2025-08-04T10:19:48","modified_gmt":"2025-08-04T09:19:48","slug":"wanted-assistants-coachs-pour-une-recherche","status":"publish","type":"post","link":"https:\/\/www.judo-vaud.ch\/?p=12873","title":{"rendered":"Wanted : assistants-coachs pour une recherche"},"content":{"rendered":"<blockquote><p>Dans le cadre d\u2019un projet pilote sur les effets bio-psycho-sociaux du judo sur des adolescents en situation de handicap, nous sommes \u00e0 la recherche de judokat-es pour assister la coach judo:<\/p><\/blockquote>\n<blockquote>\n<ul>\n<li>D\u00e8s le 1 septembre<\/li>\n<li>Les lundi sur l\u2019ann\u00e9e scolaire<\/li>\n<li>1-2-ou 3 heures (durant la journ\u00e9e)<\/li>\n<li>1 mois, 1 semestre ou toute l\u2019ann\u00e9e scolaire<\/li>\n<li>Niveau judo requis: base \u00e9l\u00e9mentaire, d\u00e8s ceinture jaune<\/li>\n<li>Sensible \u00e0 la situation du handicap<\/li>\n<li>Retrait\u00e9s bienvenus<\/li>\n<li>Au Mikami judo club, avenue de Bergi\u00e8res, Lausanne<\/li>\n<li>D\u00e9fraiement \u00e0 l&rsquo;heure<\/li>\n<\/ul>\n<ul>\n<li>Contact: R\u00e9hane Zobrist,\u00a0<a href=\"mailto:rehanezobrist@hotmail.com\" target=\"_blank\" rel=\"noopener\">rehanezobrist@hotmail.com<\/a>, 078 677 32 95<\/li>\n<\/ul>\n<p><img fetchpriority=\"high\" decoding=\"async\" class=\"aligncenter size-large wp-image-8211\" src=\"https:\/\/www.judo-vaud.ch\/cms\/wp-content\/uploads\/2020\/02\/DSC_9862-1024x640.jpg\" alt=\"\" width=\"640\" height=\"400\" srcset=\"https:\/\/www.judo-vaud.ch\/cms\/wp-content\/uploads\/2020\/02\/DSC_9862-1024x640.jpg 1024w, https:\/\/www.judo-vaud.ch\/cms\/wp-content\/uploads\/2020\/02\/DSC_9862-300x187.jpg 300w, https:\/\/www.judo-vaud.ch\/cms\/wp-content\/uploads\/2020\/02\/DSC_9862-768x480.jpg 768w, https:\/\/www.judo-vaud.ch\/cms\/wp-content\/uploads\/2020\/02\/DSC_9862-1536x960.jpg 1536w, https:\/\/www.judo-vaud.ch\/cms\/wp-content\/uploads\/2020\/02\/DSC_9862-480x300.jpg 480w, https:\/\/www.judo-vaud.ch\/cms\/wp-content\/uploads\/2020\/02\/DSC_9862-1320x825.jpg 1320w, https:\/\/www.judo-vaud.ch\/cms\/wp-content\/uploads\/2020\/02\/DSC_9862.jpg 1765w\" sizes=\"(max-width: 640px) 100vw, 640px\" \/><\/p><\/blockquote>\n","protected":false},"excerpt":{"rendered":"<p>Dans le cadre d\u2019un projet pilote sur les effets bio-psycho-sociaux du judo sur des adolescents en situation de handicap, nous sommes \u00e0 la recherche de judokat-es pour assister la coach judo: D\u00e8s le 1 septembre Les lundi sur l\u2019ann\u00e9e scolaire 1-2-ou 3 heures (durant la journ\u00e9e) 1 mois, 1 semestre ou toute l\u2019ann\u00e9e scolaire Niveau [&hellip;]<\/p>\n","protected":false},"author":16,"featured_media":0,"comment_status":"closed","ping_status":"closed","sticky":false,"template":"","format":"standard","meta":{"_cbd_carousel_blocks":"[]","footnotes":""},"categories":[12,21,18,55],"tags":[],"class_list":["post-12873","post","type-post","status-publish","format-standard","hentry","category-association","category-formation","category-judo","category-petite-annonce"],"_links":{"self":[{"href":"https:\/\/www.judo-vaud.ch\/index.php?rest_route=\/wp\/v2\/posts\/12873","targetHints":{"allow":["GET"]}}],"collection":[{"href":"https:\/\/www.judo-vaud.ch\/index.php?rest_route=\/wp\/v2\/posts"}],"about":[{"href":"https:\/\/www.judo-vaud.ch\/index.php?rest_route=\/wp\/v2\/types\/post"}],"author":[{"embeddable":true,"href":"https:\/\/www.judo-vaud.ch\/index.php?rest_route=\/wp\/v2\/users\/16"}],"replies":[{"embeddable":true,"href":"https:\/\/www.judo-vaud.ch\/index.php?rest_route=%2Fwp%2Fv2%2Fcomments&post=12873"}],"version-history":[{"count":1,"href":"https:\/\/www.judo-vaud.ch\/index.php?rest_route=\/wp\/v2\/posts\/12873\/revisions"}],"predecessor-version":[{"id":12874,"href":"https:\/\/www.judo-vaud.ch\/index.php?rest_route=\/wp\/v2\/posts\/12873\/revisions\/12874"}],"wp:attachment":[{"href":"https:\/\/www.judo-vaud.ch\/index.php?rest_route=%2Fwp%2Fv2%2Fmedia&parent=12873"}],"wp:term":[{"taxonomy":"category","embeddable":true,"href":"https:\/\/www.judo-vaud.ch\/index.php?rest_route=%2Fwp%2Fv2%2Fcategories&post=12873"},{"taxonomy":"post_tag","embeddable":true,"href":"https:\/\/www.judo-vaud.ch\/index.php?rest_route=%2Fwp%2Fv2%2Ftags&post=12873"}],"curies":[{"name":"wp","href":"https:\/\/api.w.org\/{rel}","templated":true}]}}