{"id":12830,"date":"2025-07-05T10:41:04","date_gmt":"2025-07-05T09:41:04","guid":{"rendered":"https:\/\/www.judo-vaud.ch\/?p=12830"},"modified":"2025-07-10T09:23:35","modified_gmt":"2025-07-10T08:23:35","slug":"repas-soutien-fasv-3-2-2-2-2-3-2-2","status":"publish","type":"post","link":"https:\/\/www.judo-vaud.ch\/?p=12830","title":{"rendered":"Stopper la r\u00e9duction des subventions J+S"},"content":{"rendered":"<p><img decoding=\"async\" class=\"wp-image-12832 alignright\" src=\"https:\/\/www.judo-vaud.ch\/cms\/wp-content\/uploads\/2025\/07\/Logo_JS.png\" alt=\"\" width=\"65\" height=\"65\" srcset=\"https:\/\/www.judo-vaud.ch\/cms\/wp-content\/uploads\/2025\/07\/Logo_JS.png 220w, https:\/\/www.judo-vaud.ch\/cms\/wp-content\/uploads\/2025\/07\/Logo_JS-150x150.png 150w, https:\/\/www.judo-vaud.ch\/cms\/wp-content\/uploads\/2025\/07\/Logo_JS-125x125.png 125w, https:\/\/www.judo-vaud.ch\/cms\/wp-content\/uploads\/2025\/07\/Logo_JS-110x110.png 110w\" sizes=\"(max-width: 65px) 100vw, 65px\" \/><br \/>\nStopper la r\u00e9duction des subventions J+S &#8211; Assurer l&rsquo;avenir des jeunes !<\/p>\n<p>&nbsp;<\/p>\n<p><!--more--><\/p>\n<div><\/div>\n<div>Informations sur le site: <a href=\"https:\/\/www.openpetition.eu\/ch\/petition\/online\/stopper-la-reduction-des-subventions-j-s-assurer-lavenir-des-jeunes\">Stopper la r\u00e9duction des subventions J+S \u2013 assurer l&rsquo;avenir des jeunes ! &#8211; P\u00e9tition en ligne<\/a><\/div>\n<div>\n<h3><\/h3>\n<\/div>\n<div>\n<div>\n<div class=\"petition-description\" dir=\"ltr\" lang=\"fr\">\n<p>Dans le cadre de mesures d&rsquo;\u00e9conomie, la Conf\u00e9d\u00e9ration pr\u00e9voit de <b>r\u00e9duire de 20% les subventions du programme Jeunesse+Sport (J+S).<\/b>\u00a0Concr\u00e8tement, les organisateurs de cours recevraient 1,04 franc par participant et par heure au lieu de 1,30 franc, et les organisations de camps 12,80 francs par participant et par jour au lieu de 16 francs.<\/p>\n<p><b>Le nombre de participants aux offres J+S a massivement augment\u00e9 au cours des derni\u00e8res ann\u00e9es &#8211; une nouvelle extr\u00eamement r\u00e9jouissante.<\/b>\u00a0En cons\u00e9quence, le cr\u00e9dit de la Conf\u00e9d\u00e9ration d&rsquo;environ 115 millions de francs a \u00e9t\u00e9 enti\u00e8rement \u00e9puis\u00e9 en 2024, ann\u00e9e record. Les subventions de J+S doivent maintenant \u00eatre r\u00e9duites en cons\u00e9quence afin de ne pas devoir augmenter ce cr\u00e9dit dans les ann\u00e9es \u00e0 venir.<\/p>\n<p>Pour nous, il s&rsquo;agit clairement d&rsquo;\u00e9conomiser au mauvais endroit. Nous demandons \u00e0 la Conf\u00e9d\u00e9ration de\u00a0<b>stopper les coupes pr\u00e9vues dans ces subventions<\/b>\u00a0et de garantir le niveau actuel de soutien financier aux organisations de cours et de camps J+S. Nous sommes d&rsquo;avis qu&rsquo;il est n\u00e9cessaire d&rsquo;augmenter les subventions pour les organisations de cours et de camps.<\/p>\n<\/div>\n<h4>Raison<\/h4>\n<div class=\"petition-reason\" dir=\"ltr\" lang=\"fr\">\n<p>Jeunesse+Sport est\u00a0<b>le principal programme de promotion<\/b>\u00a0du sport pour les enfants et les jeunes en Suisse. Les subventions assurent les entra\u00eenements, les camps, la formation et l&rsquo;engagement b\u00e9n\u00e9vole &#8211; notamment dans les r\u00e9gions rurales et aupr\u00e8s des jeunes socialement d\u00e9favoris\u00e9s.\u00a0<b>Plus de 680&rsquo;000 enfants et jeunes<\/b>\u00a0ont particip\u00e9 \u00e0 une activit\u00e9 J+S en 2024 &#8211; un chiffre jamais atteint auparavant.<\/p>\n<p>Les coupes budg\u00e9taires touchent directement nos clubs, nos moniteurs, nos enfants et nos jeunes. Non seulement l&rsquo;acc\u00e8s au sport sera restreint, mais une contribution \u00e0 la sant\u00e9 physique et psychique ainsi qu&rsquo;\u00e0 l&rsquo;int\u00e9gration sociale sera \u00e9galement mise en p\u00e9ril.<\/p>\n<\/div>\n<div>\n<div class=\"initiator-contact-details\"><span class=\"-display--inline\">Merci pour votre soutien,\u00a0<a title=\"Afficher le profil de Sven Br\u00e4ndle\" href=\"https:\/\/www.openpetition.eu\/ch\/user\/profile\/2187104741801\" rel=\"nofollow\">Sven Br\u00e4ndle<\/a> , Pf\u00e4ffikon ZH<\/span><\/div>\n<\/div>\n<\/div>\n<\/div>\n<p>&nbsp;<\/p>\n","protected":false},"excerpt":{"rendered":"<p>Stopper la r\u00e9duction des subventions J+S &#8211; Assurer l&rsquo;avenir des jeunes ! &nbsp;<\/p>\n","protected":false},"author":5,"featured_media":12832,"comment_status":"closed","ping_status":"closed","sticky":false,"template":"","format":"standard","meta":{"_cbd_carousel_blocks":"[]","footnotes":""},"categories":[55],"tags":[],"class_list":["post-12830","post","type-post","status-publish","format-standard","has-post-thumbnail","hentry","category-petite-annonce"],"_links":{"self":[{"href":"https:\/\/www.judo-vaud.ch\/index.php?rest_route=\/wp\/v2\/posts\/12830","targetHints":{"allow":["GET"]}}],"collection":[{"href":"https:\/\/www.judo-vaud.ch\/index.php?rest_route=\/wp\/v2\/posts"}],"about":[{"href":"https:\/\/www.judo-vaud.ch\/index.php?rest_route=\/wp\/v2\/types\/post"}],"author":[{"embeddable":true,"href":"https:\/\/www.judo-vaud.ch\/index.php?rest_route=\/wp\/v2\/users\/5"}],"replies":[{"embeddable":true,"href":"https:\/\/www.judo-vaud.ch\/index.php?rest_route=%2Fwp%2Fv2%2Fcomments&post=12830"}],"version-history":[{"count":3,"href":"https:\/\/www.judo-vaud.ch\/index.php?rest_route=\/wp\/v2\/posts\/12830\/revisions"}],"predecessor-version":[{"id":12834,"href":"https:\/\/www.judo-vaud.ch\/index.php?rest_route=\/wp\/v2\/posts\/12830\/revisions\/12834"}],"wp:featuredmedia":[{"embeddable":true,"href":"https:\/\/www.judo-vaud.ch\/index.php?rest_route=\/wp\/v2\/media\/12832"}],"wp:attachment":[{"href":"https:\/\/www.judo-vaud.ch\/index.php?rest_route=%2Fwp%2Fv2%2Fmedia&parent=12830"}],"wp:term":[{"taxonomy":"category","embeddable":true,"href":"https:\/\/www.judo-vaud.ch\/index.php?rest_route=%2Fwp%2Fv2%2Fcategories&post=12830"},{"taxonomy":"post_tag","embeddable":true,"href":"https:\/\/www.judo-vaud.ch\/index.php?rest_route=%2Fwp%2Fv2%2Ftags&post=12830"}],"curies":[{"name":"wp","href":"https:\/\/api.w.org\/{rel}","templated":true}]}}