{"id":11849,"date":"2024-10-04T14:19:19","date_gmt":"2024-10-04T13:19:19","guid":{"rendered":"https:\/\/www.judo-vaud.ch\/?p=11849"},"modified":"2024-10-05T19:26:27","modified_gmt":"2024-10-05T18:26:27","slug":"april-fohouo-cm-junior-2024","status":"publish","type":"post","link":"https:\/\/www.judo-vaud.ch\/?p=11849","title":{"rendered":"April Fohouo 2\u00e8me aux CM Junior 2024"},"content":{"rendered":"<p>April Fohouo remporte l&rsquo;argent aux Championnats du Monde de judo U21 Dushanbe &#8211; Tajikistan.<br \/>\n<!--more--><\/p>\n<p>A peine quatre semaine apr\u00e8s son titre au Championnat d\u2019Europe U21, April Fohouo participait aux Championnats du Monde de la m\u00eame cat\u00e9gorie d\u2019\u00e2ge qui se d\u00e9roulaient \u00e0 Douchanb\u00e9, capitale du Tadjikistan. 67 nations avaient fait le d\u00e9placement en Asie Centrale.<\/p>\n<p>T\u00eate de s\u00e9rie n\u00b02 dans la cat\u00e9gorie des -70kg, elle \u00e9vitait notamment un premier tour. De brillantes victoires successives sur les s\u00e9lectionn\u00e9es libanaise, uzbek, allemande et slov\u00e8ne la conduisaient ensuite jusqu\u2019en finale. Elle y retrouvait son adversaire autrichienne qui l\u2019avait priv\u00e9e de la m\u00e9daille de bronze aux Championnats d\u2019Europe et aux Championnats du Monde l\u2019ann\u00e9e derni\u00e8re.<\/p>\n<p><a href=\"https:\/\/www.judo-vaud.ch\/cms\/wp-content\/uploads\/2024\/10\/241004-April-IJF-1.jpg\" target=\"_blank\" rel=\"noopener\"><img fetchpriority=\"high\" decoding=\"async\" class=\"aligncenter wp-image-11858 size-full\" src=\"https:\/\/www.judo-vaud.ch\/cms\/wp-content\/uploads\/2024\/10\/241004-April-IJF-1.jpg\" alt=\"\" width=\"823\" height=\"548\" srcset=\"https:\/\/www.judo-vaud.ch\/cms\/wp-content\/uploads\/2024\/10\/241004-April-IJF-1.jpg 823w, https:\/\/www.judo-vaud.ch\/cms\/wp-content\/uploads\/2024\/10\/241004-April-IJF-1-300x200.jpg 300w, https:\/\/www.judo-vaud.ch\/cms\/wp-content\/uploads\/2024\/10\/241004-April-IJF-1-768x511.jpg 768w, https:\/\/www.judo-vaud.ch\/cms\/wp-content\/uploads\/2024\/10\/241004-April-IJF-1-110x73.jpg 110w, https:\/\/www.judo-vaud.ch\/cms\/wp-content\/uploads\/2024\/10\/241004-April-IJF-1-420x280.jpg 420w, https:\/\/www.judo-vaud.ch\/cms\/wp-content\/uploads\/2024\/10\/241004-April-IJF-1-646x430.jpg 646w, https:\/\/www.judo-vaud.ch\/cms\/wp-content\/uploads\/2024\/10\/241004-April-IJF-1-120x80.jpg 120w\" sizes=\"(max-width: 823px) 100vw, 823px\" \/><\/a><\/p>\n<p><a href=\"https:\/\/www.judo-vaud.ch\/cms\/wp-content\/uploads\/2024\/10\/241004-April-IJF-2.jpg\" target=\"_blank\" rel=\"noopener\"><img decoding=\"async\" class=\"aligncenter wp-image-11855 size-full\" src=\"https:\/\/www.judo-vaud.ch\/cms\/wp-content\/uploads\/2024\/10\/241004-April-IJF-2.jpg\" alt=\"\" width=\"834\" height=\"556\" srcset=\"https:\/\/www.judo-vaud.ch\/cms\/wp-content\/uploads\/2024\/10\/241004-April-IJF-2.jpg 834w, https:\/\/www.judo-vaud.ch\/cms\/wp-content\/uploads\/2024\/10\/241004-April-IJF-2-300x200.jpg 300w, https:\/\/www.judo-vaud.ch\/cms\/wp-content\/uploads\/2024\/10\/241004-April-IJF-2-768x512.jpg 768w, https:\/\/www.judo-vaud.ch\/cms\/wp-content\/uploads\/2024\/10\/241004-April-IJF-2-110x73.jpg 110w, https:\/\/www.judo-vaud.ch\/cms\/wp-content\/uploads\/2024\/10\/241004-April-IJF-2-420x280.jpg 420w, https:\/\/www.judo-vaud.ch\/cms\/wp-content\/uploads\/2024\/10\/241004-April-IJF-2-645x430.jpg 645w, https:\/\/www.judo-vaud.ch\/cms\/wp-content\/uploads\/2024\/10\/241004-April-IJF-2-120x80.jpg 120w\" sizes=\"(max-width: 834px) 100vw, 834px\" \/><\/a><\/p>\n<p>&nbsp;<\/p>\n<p>Apr\u00e8s pr\u00e8s de quatre minutes de temps additionnel, l\u2019Autrichienne marquait waza-ari. April Fohouo devenait vice-championne du Monde U21.<\/p>\n<p><a href=\"https:\/\/www.judo-vaud.ch\/cms\/wp-content\/uploads\/2024\/10\/241004-April-IJF-3.jpg\" target=\"_blank\" rel=\"noopener\"><img decoding=\"async\" class=\"aligncenter wp-image-11856 size-full\" src=\"https:\/\/www.judo-vaud.ch\/cms\/wp-content\/uploads\/2024\/10\/241004-April-IJF-3.jpg\" alt=\"\" width=\"859\" height=\"573\" srcset=\"https:\/\/www.judo-vaud.ch\/cms\/wp-content\/uploads\/2024\/10\/241004-April-IJF-3.jpg 859w, https:\/\/www.judo-vaud.ch\/cms\/wp-content\/uploads\/2024\/10\/241004-April-IJF-3-300x200.jpg 300w, https:\/\/www.judo-vaud.ch\/cms\/wp-content\/uploads\/2024\/10\/241004-April-IJF-3-768x512.jpg 768w, https:\/\/www.judo-vaud.ch\/cms\/wp-content\/uploads\/2024\/10\/241004-April-IJF-3-110x73.jpg 110w, https:\/\/www.judo-vaud.ch\/cms\/wp-content\/uploads\/2024\/10\/241004-April-IJF-3-420x280.jpg 420w, https:\/\/www.judo-vaud.ch\/cms\/wp-content\/uploads\/2024\/10\/241004-April-IJF-3-645x430.jpg 645w, https:\/\/www.judo-vaud.ch\/cms\/wp-content\/uploads\/2024\/10\/241004-April-IJF-3-120x80.jpg 120w\" sizes=\"(max-width: 859px) 100vw, 859px\" \/><\/a><\/p>\n<p>&nbsp;<\/p>\n<p>Le classement de la cat\u00e9gorie des -70 kg se pr\u00e9sente comme suit.<\/p>\n<p>1) Dengg (AUT)<br \/>\n2) Fohouo (SUI)<br \/>\n3) Schuster (SLO) et Grauer (GER)<br \/>\n5) Yuan (CHN) et Maeda (JAP)<br \/>\n7) Cardoso (BRA) et Rasoanaivo Razafy (MAD)<\/p>\n<p><a href=\"https:\/\/www.judo-vaud.ch\/cms\/wp-content\/uploads\/2024\/10\/241004-April-IJF-4.jpg\" target=\"_blank\" rel=\"noopener\"><img loading=\"lazy\" decoding=\"async\" class=\"aligncenter wp-image-11857 size-full\" src=\"https:\/\/www.judo-vaud.ch\/cms\/wp-content\/uploads\/2024\/10\/241004-April-IJF-4.jpg\" alt=\"\" width=\"837\" height=\"558\" srcset=\"https:\/\/www.judo-vaud.ch\/cms\/wp-content\/uploads\/2024\/10\/241004-April-IJF-4.jpg 837w, https:\/\/www.judo-vaud.ch\/cms\/wp-content\/uploads\/2024\/10\/241004-April-IJF-4-300x200.jpg 300w, https:\/\/www.judo-vaud.ch\/cms\/wp-content\/uploads\/2024\/10\/241004-April-IJF-4-768x512.jpg 768w, https:\/\/www.judo-vaud.ch\/cms\/wp-content\/uploads\/2024\/10\/241004-April-IJF-4-110x73.jpg 110w, https:\/\/www.judo-vaud.ch\/cms\/wp-content\/uploads\/2024\/10\/241004-April-IJF-4-420x280.jpg 420w, https:\/\/www.judo-vaud.ch\/cms\/wp-content\/uploads\/2024\/10\/241004-April-IJF-4-645x430.jpg 645w, https:\/\/www.judo-vaud.ch\/cms\/wp-content\/uploads\/2024\/10\/241004-April-IJF-4-120x80.jpg 120w\" sizes=\"(max-width: 837px) 100vw, 837px\" \/><\/a><\/p>\n<p>&nbsp;<\/p>\n<p>Le podium est exceptionnellement 100% europ\u00e9en. Seule April \u00e9tait d\u00e9j\u00e0 mont\u00e9 sur celui des Championnats d\u2019Europe le mois dernier.<\/p>\n<p>\u00c2g\u00e9e de 19 ans, April Fohouo, membre du Judo-Club Cheseaux, sera encore Junior l\u2019ann\u00e9e prochaine.<\/p>\n<h3>Medias:<\/h3>\n<p>Article et photo:<\/p>\n<ul>\n<li><a href=\"https:\/\/www.24heures.ch\/mondiaux-m21-de-judo-april-fohouo-en-argent-169063625175\" target=\"_blank\" rel=\"noopener\">24heures.ch<\/a><\/li>\n<li><a href=\"https:\/\/www.ijf.org\/\" target=\"_blank\" rel=\"noopener\">IJF.org &#8211; International Judo Federation<\/a><\/li>\n<\/ul>\n<h3>Renseignements:<\/h3>\n<div id=\"cn-top\" style=\"position: absolute; top: 0; right: 0;\"><\/div><div class=\"cn-list\" id=\"cn-list\" data-connections-version=\"10.4.67-0.7\"><div class=\"cn-template cn-card\" id=\"cn-card\" data-template-version=\"3.0\"><div class=\"cn-list-head\">\n\n<\/div>\n<div class=\"cn-list-body\" id=\"cn-list-body\">\n<div class=\"cn-list-row cn-list-item vcard individual comite commission-allocation-aide-jeunes-competiteurs resp-assistantentraineur resp-competitions resp-sport-etude\" id=\"francois-chavanne\" data-entry-type=\"individual\" data-entry-id=\"1\" data-entry-slug=\"francois-chavanne\"><div class=\"cn-entry\" style=\"background-color: #FFF;border: 1px solid #E3E3E3;border-radius: 4px;color: #000;margin: 8px 0;padding: 10px;position: relative\">\n\n\t<div class=\"cn-left\" style=\"width:49%; float:left\">\n\t\t<span class=\"cn-image-style\"><span style=\"display: block; max-width: 100%; width: 112px\"><a href=\"http:\/\/www.judo-vaud.ch\/?page_id=1442\" target=\"_self\" rel=\"dofollow\"><img loading=\"lazy\" width=\"112\" height=\"150\" sizes=\"auto, 100vw\" lazyload=\"1\" class=\"cn-image photo\" alt=\"Photo de Fran\u00e7ois Chavanne\" title=\"Photo de Fran\u00e7ois Chavanne\" srcset=\"\/\/www.judo-vaud.ch\/cms\/wp-content\/uploads\/connections-images\/francois-chavanne\/Franyois_original-de6bae4577fca49aa91f57bc41ed41ff.jpg 1x\" loading=\"lazy\"\/><\/a><\/span><\/span>\n\t\t<div style=\"clear:both;\"><\/div>\n\t\t<div style=\"margin-bottom: 10px;\">\n\t\t\t<div style=\"font-size:larger;font-variant: small-caps\"><strong><span class=\"fn n notranslate\"> <span class=\"given-name\">Fran\u00e7ois<\/span> <span class=\"family-name\">Chavanne<\/span><\/span>\n<\/strong><\/div>\n\t\t\t<span class=\"title notranslate\">Pr\u00e9sident<\/span>\n\n\t\t<\/div>\n\n\t<\/div>\n\n\t<div class=\"cn-right\" style=\"text-align: right;\">\n\n\t\t<span class=\"address-block\"><span class=\"adr cn-address\"> <span class=\"street-address notranslate\">Ch. du Mol\u00e9son 12<\/span> <span class=\"locality\">Penthalaz<\/span> <span class=\"postal-code\">1305<\/span> <span class=\"type\" style=\"display: none;\">home<\/span><\/span><\/span>\n<span class=\"phone-number-block\">\n<span class=\"tel cn-phone-number cn-phone-number-type-homephone\"><span class=\"phone-name\">T\u00e9l\u00e9phone maison<\/span><span class=\"cn-separator\">:<\/span> <span class=\"value\">021 881 45 62<\/span><span class=\"type\" style=\"display: none;\">home<\/span><\/span>\n<span class=\"tel cn-phone-number cn-phone-number-type-cellphone\"><span class=\"phone-name\">T\u00e9l\u00e9phone mobile<\/span><span class=\"cn-separator\">:<\/span> <span class=\"value\">079 446 01 89<\/span><span class=\"type\" style=\"display: none;\">cell<\/span><\/span>\n<\/span>\n<span class=\"email-address-block\">\n<span class=\"email cn-email-address\"><span class=\"email-name\">Courriel personnel<\/span><span class=\"cn-separator\">:<\/span> <span class=\"email-address\"><script type=\"text\/javascript\">\r\n\t\t\t\t\t\/* <![CDATA[ *\/\r\n\t \t\t\t\tcnROT13.writeROT13(\"<n pynff=\\\"inyhr\\\" gvgyr=\\\"Sena\u00e7bvf Puninaar crefbany rznvy\\056\\\" uers=\\\"znvygb:senapbvf\\056puninaar\\100oyhrjva\\056pu\\\">senapbvf\\056puninaar\\100oyhrjva\\056pu<\\057n>\");\r\n\t\t\t\t\t\/* ]]-> *\/\r\n\t \t\t\t\t<\/script><noscript><span style=\"unicode-bidi: bidi-override; direction:rtl;\">&#104;&#99;.&#110;i&#119;&#101;u&#108;b&#64;&#101;nn&#97;&#118;ah&#99;&#46;&#115;&#105;ocn&#97;&#114;&#102;<\/span><\/noscript><\/span><span class=\"type\" style=\"display: none;\">INTERNET<\/span><\/span>\n<\/span>\n<span class=\"link-block\">\n<span class=\"link cn-link website cn-preferred cn-link-preferred\"><span class=\"link-name\">Site internet<\/span><span class=\"cn-separator\">:<\/span> <a class=\"url\" href=\"http:\/\/www.judo-vaud.ch\/?page_id=1442\" target=\"_self\" rel=\"noopener\" >Page Personnelle<\/a><\/span>\n<\/span>\n\n\t<\/div>\n\n\t<div style=\"clear:both\"><\/div>\n\n\t\n\t<div class=\"cn-meta\" style=\"margin-top: 6px\">\n\t\t\t<\/div>\n\n\t<div class=\"cn-clear\" style=\"display:table;width:100%;\">\n\t\t<div style=\"display:table-cell;vertical-align:middle;\">\n\t\t\t<div class=\"cn-categories\"><span class=\"cn_category_label\">Cat\u00e9gories : <\/span> <span class=\"cn-category-name cn_category cn-category-2 cn-category-comite\">Comit\u00e9<\/span><span class=\"cn-category-separator\">, <\/span><span class=\"cn-category-name cn_category cn-category-29 cn-category-commission-allocation-aide-jeunes-competiteurs\">commission allocation aide jeunes comp\u00e9titeurs<\/span><span class=\"cn-category-separator\">, <\/span><span class=\"cn-category-name cn_category cn-category-32 cn-category-resp-assistantentraineur\">Resp. Assistant entraineur<\/span><span class=\"cn-category-separator\">, <\/span><span class=\"cn-category-name cn_category cn-category-12 cn-category-resp-competitions\">Resp. comp\u00e9titions<\/span><span class=\"cn-category-separator\">, <\/span><span class=\"cn-category-name cn_category cn-category-4 cn-category-resp-sport-etude\">Resp. Sport Etude<\/span><\/div>\n\t\t<\/div>\n\t\t<div style=\"display:table-cell;text-align:right;vertical-align:middle;\">\n\t\t\t<span class=\"cn-last-updated\" style=\"display: none;font-size: 10px;font-variant: small-caps;margin-right: 10px\">Mis \u00e0 jour il y a 1 an.<\/span>\n<span class=\"cn-return-to-top\"><a href=\"#cn-top\" title=\"Retour haut de page\"><img decoding=\"async\" src=\"https:\/\/www.judo-vaud.ch\/cms\/wp-content\/plugins\/connections\/assets\/images\/uparrow.gif\" alt=\"Retour haut de page\"\/><\/a><\/span>\n\t\t<\/div>\n\t<\/div>\n\n<\/div>\n\n<\/div>\n<\/div>\n<div class=\"cn-list-foot\">\n\n<\/div>\n\n<\/div>\n\n<\/div>\n","protected":false},"excerpt":{"rendered":"<p>April Fohouo remporte l&rsquo;argent aux Championnats du Monde de judo U21 Dushanbe &#8211; Tajikistan.<\/p>\n","protected":false},"author":3,"featured_media":11852,"comment_status":"closed","ping_status":"closed","sticky":false,"template":"","format":"standard","meta":{"_cbd_carousel_blocks":"[]","footnotes":""},"categories":[18,13],"tags":[],"class_list":["post-11849","post","type-post","status-publish","format-standard","has-post-thumbnail","hentry","category-judo","category-resultats"],"_links":{"self":[{"href":"https:\/\/www.judo-vaud.ch\/index.php?rest_route=\/wp\/v2\/posts\/11849","targetHints":{"allow":["GET"]}}],"collection":[{"href":"https:\/\/www.judo-vaud.ch\/index.php?rest_route=\/wp\/v2\/posts"}],"about":[{"href":"https:\/\/www.judo-vaud.ch\/index.php?rest_route=\/wp\/v2\/types\/post"}],"author":[{"embeddable":true,"href":"https:\/\/www.judo-vaud.ch\/index.php?rest_route=\/wp\/v2\/users\/3"}],"replies":[{"embeddable":true,"href":"https:\/\/www.judo-vaud.ch\/index.php?rest_route=%2Fwp%2Fv2%2Fcomments&post=11849"}],"version-history":[{"count":6,"href":"https:\/\/www.judo-vaud.ch\/index.php?rest_route=\/wp\/v2\/posts\/11849\/revisions"}],"predecessor-version":[{"id":11860,"href":"https:\/\/www.judo-vaud.ch\/index.php?rest_route=\/wp\/v2\/posts\/11849\/revisions\/11860"}],"wp:featuredmedia":[{"embeddable":true,"href":"https:\/\/www.judo-vaud.ch\/index.php?rest_route=\/wp\/v2\/media\/11852"}],"wp:attachment":[{"href":"https:\/\/www.judo-vaud.ch\/index.php?rest_route=%2Fwp%2Fv2%2Fmedia&parent=11849"}],"wp:term":[{"taxonomy":"category","embeddable":true,"href":"https:\/\/www.judo-vaud.ch\/index.php?rest_route=%2Fwp%2Fv2%2Fcategories&post=11849"},{"taxonomy":"post_tag","embeddable":true,"href":"https:\/\/www.judo-vaud.ch\/index.php?rest_route=%2Fwp%2Fv2%2Ftags&post=11849"}],"curies":[{"name":"wp","href":"https:\/\/api.w.org\/{rel}","templated":true}]}}